{"id":97578,"date":"2023-04-13T20:01:07","date_gmt":"2023-04-14T00:01:07","guid":{"rendered":"https:\/\/interamerica.org\/?p=97578"},"modified":"2023-04-15T10:36:19","modified_gmt":"2023-04-15T14:36:19","slug":"les-dirigeants-adventistes-votent-les-noms-de-trois-remplacants-pour-suppleer-a-des-postes-vacants","status":"publish","type":"post","link":"https:\/\/interamerica.org\/fr\/2023\/04\/les-dirigeants-adventistes-votent-les-noms-de-trois-remplacants-pour-suppleer-a-des-postes-vacants\/","title":{"rendered":"Les dirigeants adventistes votent les noms de trois rempla\u00e7ants pour suppl\u00e9er \u00e0 des postes vacants"},"content":{"rendered":"<p>Il s\u2019agit d\u2019un directeur adjoint de l\u2019\u00e9ducation, d\u2019un tr\u00e9sorier de division et d\u2019un r\u00e9dacteur en chef adjoint pour Adventist Review.<\/p>\n<p>13 Avril 2023 | Silver Spring, Maryland, \u00c9tats-Unis | Marcos Paseggi, Adventist Review<\/p>\n<p>Les membres du Comit\u00e9 Ex\u00e9cutif de la Conf\u00e9rence G\u00e9n\u00e9rale de l\u2019\u00c9glise adventiste du septi\u00e8me jour ont vot\u00e9 d\u2019accepter trois recommandations de la Commission de Nominations le 11 avril lors des Rencontres de Printemps qui se tiennent \u00e0 Silver Spring, dans le Maryland, aux \u00c9tats-Unis.<\/p>\n<p>Les membres ont vot\u00e9 d\u2019accepter S\u00f3crates Quispe comme directeur adjoint du D\u00e9partement de l\u2019\u00c9ducation de la Conf\u00e9rence G\u00e9n\u00e9rale ; Oleg V. Voronyuk en tant que tr\u00e9sorier de la Division Eurasienne ; et John C. Peckham en tant que r\u00e9dacteur adjoint des magazines Adventist Review et Adventist World.<\/p>\n<p>Vous trouverez ci-dessous des informations au sujet des trois nouveaux dirigeants.<\/p>\n<p><div id=\"attachment_97548\" style=\"width: 1034px\" class=\"wp-caption aligncenter\"><img fetchpriority=\"high\" decoding=\"async\" aria-describedby=\"caption-attachment-97548\" class=\"size-large wp-image-97547\" src=\"https:\/\/interamerica.org\/wp-content\/uploads\/2023\/04\/artboard-1-1024x576.png\" alt=\"\" width=\"1024\" height=\"576\" srcset=\"https:\/\/interamerica.org\/wp-content\/uploads\/2023\/04\/artboard-1-1024x576.png 1024w, https:\/\/interamerica.org\/wp-content\/uploads\/2023\/04\/artboard-1-300x169.png 300w, https:\/\/interamerica.org\/wp-content\/uploads\/2023\/04\/artboard-1-768x432.png 768w, https:\/\/interamerica.org\/wp-content\/uploads\/2023\/04\/artboard-1.png 1366w\" sizes=\"(max-width: 1024px) 100vw, 1024px\" \/><p id=\"caption-attachment-97548\" class=\"wp-caption-text\">S\u00f3crates Quispe (\u00e0 gauche), Oleg Voronyuk et John Peckham. [Photo : avec l\u2019aimable autorisation de la Division Sud-Am\u00e9ricaine, de la Division Eurasienne et de John Peckham]<\/p><\/div><strong>S\u00f3crates Quispe<\/strong><\/p>\n<p>Le nouveau directeur adjoint du D\u00e9partement de l\u2019\u00c9ducation, originaire du P\u00e9rou, d\u00e9bute \u00e0 son nouveau poste apr\u00e8s une longue carri\u00e8re en tant que professeur, chercheur et responsable dans l\u2019\u00e9ducation. Socrates Quispe, qui pendant les 10 derni\u00e8res ann\u00e9es a \u00e9t\u00e9 directeur adjoint de l\u2019\u00e9ducation dans la Division Sud-Am\u00e9ricaine (SAD) de l\u2019\u00c9glise adventiste, parle couramment l\u2019espagnol, le portugais et l\u2019anglais. Il remplacera John Wesley Taylor V, r\u00e9cemment \u00e9lu pr\u00e9sident de l\u2019Universit\u00e9 d\u2019Andrews.<\/p>\n<p>Socrates Quispe a d\u2019abord suivi une formation d\u2019ing\u00e9nieur agroalimentaire et a ensuite fait des \u00e9tudes en th\u00e9ologie et en gestion et leadership dans l\u2019enseignement sup\u00e9rieur. Il est un chercheur renomm\u00e9 dans son P\u00e9rou natal et, en 2021, est intervenu en tant que coordinateur pour la SAD de l\u2019enqu\u00eate mondiale sur les membres d\u2019\u00e9glise. Pendant des ann\u00e9es, il a dirig\u00e9 et particip\u00e9 aux \u00e9valuations r\u00e9guli\u00e8res des \u00e9tablissements d\u2019enseignement sup\u00e9rieur adventistes dans les huit pays de la SAD et au-del\u00e0.<\/p>\n<p>Lisa Beardsley-Hardy, directrice du D\u00e9partement de l\u2019\u00c9ducation de la Conf\u00e9rence G\u00e9n\u00e9rale, a chaleureusement accueilli Socrates Quispe dans l\u2019\u00e9quipe de direction de l\u2019\u00e9ducation et a soulign\u00e9 son exp\u00e9rience et sa profonde connaissance du syst\u00e8me \u00e9ducatif adventiste.<\/p>\n<img decoding=\"async\" class=\"aligncenter wp-image-97556\" src=\"https:\/\/interamerica.org\/wp-content\/uploads\/2023\/04\/socrates-quispe-2.jpeg\" alt=\"\" width=\"468\" height=\"573\" srcset=\"https:\/\/interamerica.org\/wp-content\/uploads\/2023\/04\/socrates-quispe-2.jpeg 686w, https:\/\/interamerica.org\/wp-content\/uploads\/2023\/04\/socrates-quispe-2-245x300.jpeg 245w\" sizes=\"(max-width: 468px) 100vw, 468px\" \/>\n<p>\u00ab Socrates Quispe est un chercheur et un scientifique exp\u00e9riment\u00e9 et a deux dipl\u00f4mes postdoctoraux ainsi qu\u2019un brevet, \u00bb a dit Lisa Beardsley-Hardy. \u00ab Il apporte cette expertise au d\u00e9veloppement de dipl\u00f4mes de troisi\u00e8me cycle et au d\u00e9veloppement de la recherche dans les universit\u00e9s [adventistes] et il le fait \u00e0 partir d\u2019une position biblique et avec un engagement envers le message et la mission de l\u2019\u00c9glise adventiste du septi\u00e8me jour. \u00bb<\/p>\n<p>Elle a \u00e9galement soulign\u00e9 que dans le poste qu\u2019il occupait pr\u00e9c\u00e9dent, Socrates Quispe \u00e9tait profond\u00e9ment impliqu\u00e9 dans l\u2019\u00e9valuation des programmes \u00e9ducatifs et des \u00e9tablissements. \u00ab Nous avons travaill\u00e9 ensemble pendant de nombreuses ann\u00e9es sur des visites de sites pour l\u2019Association d\u2019Accr\u00e9ditation des \u00c9coles et Universit\u00e9s adventistes du septi\u00e8me jour, et je suis convaincu qu\u2019il effectuera un bon service en tant que directeur adjoint de l\u2019\u00e9ducation, \u00bb a d\u00e9clar\u00e9 Lisa Beardsley-Hardy.<\/p>\n<p>Socrates Quispe a remerci\u00e9 les dirigeants adventistes et Lisa Beardsley-Hardy pour leur confiance et a reconnu leur soutien continu. \u00ab Je me sens petit pour une telle responsabilit\u00e9, mais je reconnais que Dieu est au contr\u00f4le, \u00bb a d\u00e9clar\u00e9 Socrates Quispe. \u00ab Ce n\u2019est que par la gr\u00e2ce de Dieu que je peux servir son \u00e9glise. Et je sais aussi que j\u2019aurai le soutien et l\u2019aide de Dr Beardsley-Hardy et de mes coll\u00e8gues. \u00bb<\/p>\n<p><strong>Oleg V. Voronyuk<\/strong><\/p>\n<p>Le tr\u00e9sorier nouvellement \u00e9lu de la Division Eurasienne prend ses nouvelles fonctions apr\u00e8s des ann\u00e9es d\u2019exp\u00e9rience en tant que professeur, responsable dans l\u2019\u00e9ducation et responsable financier. Il remplacera Vladimir I. Tkachuk, qui sera d\u00e9sormais impliqu\u00e9 dans des projets sp\u00e9cifiques confi\u00e9s par la Conf\u00e9rence G\u00e9n\u00e9rale.<\/p>\n<p>Pasteur consacr\u00e9, Oleg Voronyuk a d\u2019abord \u00e9t\u00e9 professeur et interpr\u00e8te d\u2019anglais et d\u2019allemand \u00e0 l\u2019Universit\u00e9 Adventiste de Zaoksky avant de devenir responsable du d\u00e9partement d\u2019anglais, puis vice-pr\u00e9sident des affaires \u00e9tudiantes. De 2010 \u00e0 2021, Oleg Voronyuk a \u00e9t\u00e9 directeur financier de l\u2019\u00e9cole et, au d\u00e9but de 2021, il a \u00e9t\u00e9 \u00e9lu tr\u00e9sorier adjoint de la Division Eurasienne.<\/p>\n<p>Apr\u00e8s avoir pris connaissance du vote qui lui a confi\u00e9 son nouveau poste, Oleg Voronyuk a d\u00e9clar\u00e9 qu\u2019il s\u2019engage \u00e0 soutenir les activit\u00e9s d\u2019\u00e9vang\u00e9lisation dans toute la r\u00e9gion, en particulier une nouvelle initiative qui vise \u00e0 former des pasteurs et des anciens locaux pour motiver les membres \u00e0 donner des \u00e9tudes bibliques \u00e0 leurs amis, parents et coll\u00e8gues.<\/p>\n<img decoding=\"async\" class=\"aligncenter wp-image-97553\" src=\"https:\/\/interamerica.org\/wp-content\/uploads\/2023\/04\/photo-voronyuk-oleg-474x1024.jpeg\" alt=\"\" width=\"336\" height=\"726\" srcset=\"https:\/\/interamerica.org\/wp-content\/uploads\/2023\/04\/photo-voronyuk-oleg-474x1024.jpeg 474w, https:\/\/interamerica.org\/wp-content\/uploads\/2023\/04\/photo-voronyuk-oleg-139x300.jpeg 139w, https:\/\/interamerica.org\/wp-content\/uploads\/2023\/04\/photo-voronyuk-oleg.jpeg 592w\" sizes=\"(max-width: 336px) 100vw, 336px\" \/>\n<p>Oleg Voronyuk a \u00e9galement soulign\u00e9 qu\u2019il \u00e9tait d\u00e9termin\u00e9 \u00e0 faire des jeunes g\u00e9n\u00e9rations une priorit\u00e9. \u00ab M\u00eame si des \u00e9conomies doivent \u00eatre r\u00e9alis\u00e9es dans d\u2019autres domaines, je veillerai \u00e0 ce que les initiatives des minist\u00e8res des jeunes, des \u00e9claireurs et des enfants soient suffisamment financ\u00e9es, \u00bb a-t-il d\u00e9clar\u00e9. \u00ab Les enfants et les jeunes sont l\u2019avenir de l&rsquo;\u00e9glise, et il faut qu\u2019ils le sachent. \u00bb<\/p>\n<p>Il a ajout\u00e9 qu\u2019une attention particuli\u00e8re sera \u00e9galement accord\u00e9e aux pasteurs et \u00e0 leurs familles qui acceptent de s\u2019occuper d\u2019\u00e9glises et de faire de l\u2019\u00e9vang\u00e9lisation dans des r\u00e9gions recul\u00e9es telles que la Sib\u00e9rie et l\u2019Extr\u00eame-Orient russe. \u00ab Il faut qu\u2019ils ressentent \u00e0 quel point l\u2019\u00e9glise appr\u00e9cie ce qu\u2019ils font dans ces conditions difficiles, \u00bb a-t-il dit. \u00ab Il n\u2019y a rien de sp\u00e9cifiquement nouveau ou r\u00e9volutionnaire \u00e0 ce sujet, mais je veux juste m\u2019assurer qu\u2019en mati\u00e8re d\u2019argent, nous joignions le geste \u00e0 la parole, \u00bb a d\u00e9clar\u00e9 Oleg Voronyuk.<\/p>\n<p><strong>John C. Peckham<\/strong><\/p>\n<p>Le nouveau r\u00e9dacteur en chef adjoint des magazines Adventist Review et Adventist World est un professeur, th\u00e9ologien et auteur prim\u00e9 qui a construit des ponts dans le milieu universitaire avec d\u2019autres organisations chr\u00e9tiennes et th\u00e9ologiques. John Peckham, actuellement professeur de th\u00e9ologie et de philosophie chr\u00e9tienne \u00e0 l\u2019Universit\u00e9 d\u2019Andrews, prendra ses nouvelles fonctions le 1er juillet. Il remplacera Gerald A. Klingbeil, qui a \u00e9t\u00e9 appel\u00e9 \u00e0 servir dans son Allemagne natale.<\/p>\n<p>Pasteur consacr\u00e9, John Peckham a obtenu un doctorat en th\u00e9ologie syst\u00e9matique de l\u2019Universit\u00e9 d\u2019Andrews en 2012 et un MDiv avec une emphase en th\u00e9ologie syst\u00e9matique en 2005. Il est l\u2019auteur de plusieurs livres, dont Theodicy of Love: Cosmic Conflict and the Problem of Evil (Baker, 2018 ), (Th\u00e9odic\u00e9e de l\u2019Amour : Le Conflit Cosmique et le probl\u00e8me du Mal) qui a remport\u00e9 le prix du Livre de Th\u00e9ologie Accessible de l\u2019Ann\u00e9e du Magazine WORLD, et Canonical Theology: The Biblical Canon, Sola Scriptura, and Theological Method (Eerdmans, 2016) (Th\u00e9ologie Canonique : Le Canon Biblique, Sola Scriptura et la M\u00e9thode Th\u00e9ologique.) Il est \u00e9galement l\u2019auteur du livre The Love of God: A Canonical Model (IVP Academic, 2015) (L\u2019Amour de Dieu: Un Mod\u00e8le Canonique), qui a remport\u00e9 le prix 2015 du Choix des Lecteurs de IVP.<\/p>\n<img loading=\"lazy\" decoding=\"async\" class=\"aligncenter wp-image-97550\" src=\"https:\/\/interamerica.org\/wp-content\/uploads\/2023\/04\/john-peckham-copy-2-1536x1025-1-1024x683.jpeg\" alt=\"\" width=\"835\" height=\"557\" srcset=\"https:\/\/interamerica.org\/wp-content\/uploads\/2023\/04\/john-peckham-copy-2-1536x1025-1-1024x683.jpeg 1024w, https:\/\/interamerica.org\/wp-content\/uploads\/2023\/04\/john-peckham-copy-2-1536x1025-1-300x200.jpeg 300w, https:\/\/interamerica.org\/wp-content\/uploads\/2023\/04\/john-peckham-copy-2-1536x1025-1-768x513.jpeg 768w, https:\/\/interamerica.org\/wp-content\/uploads\/2023\/04\/john-peckham-copy-2-1536x1025-1.jpeg 1536w\" sizes=\"(max-width: 835px) 100vw, 835px\" \/>\n<p>John Peckham est souvent et abondamment cit\u00e9 par la presse sp\u00e9cialis\u00e9e et le milieu universitaire. Il est \u00e9galement un professeur renomm\u00e9 qui a remport\u00e9 de nombreux prix d\u2019enseignement et de recherche. Entre autres, il a remport\u00e9 le prix Siegfried H. Horn Excellence in Research and Creative Scholarship Award (2019), le prix Augsburger de l\u2019Excellence dans l\u2019Enseignement (2016) et le Outstanding Dissertation Award (Prix de l\u2019Excellence de la Th\u00e8se Doctorale) (2012) \u00e0 l\u2019Universit\u00e9 d\u2019Andrews. En 2012, il a \u00e9galement \u00e9t\u00e9 nomm\u00e9 \u00e9ducateur de l\u2019ann\u00e9e \u00e0 la Southwestern Adventist University (Universit\u00e9 Adventiste du Sud-Ouest.)<\/p>\n<p>\u00ab C\u2019est un grand privil\u00e8ge d\u2019\u00eatre appel\u00e9 \u00e0 servir Adventist Review Ministries \u00e0 ce titre, \u00bb a dit John Peckam. \u00ab Je suis ravi de rejoindre l\u2019\u00e9quipe et je prie pour que Dieu m\u2019utilise afin d\u2019\u00eatre une b\u00e9n\u00e9diction dans cette nouvelle fonction. \u00bb<\/p>\n<p>Le r\u00e9dacteur en chef d\u2019Adventist Review, Justin Kim, a \u00e9galement donn\u00e9 son appr\u00e9ciation sur l\u2019\u00e9lection de John Peckham.<\/p>\n<p>\u00ab Avoir le Dr John Peckham avec nous en tant que r\u00e9dacteur en chef adjoint est un privil\u00e8ge qui nous ravit \u00e0 Adventist Review, \u00bb a-t-il d\u00e9clar\u00e9. \u00ab Il suit notre longue tradition qui consiste \u00e0 avoir de solides \u00e9rudits bibliques en tant que r\u00e9dacteurs. Il ajoutera la cr\u00e9ativit\u00e9 scripturaire \u00e0 l\u2019articulation th\u00e9ologique et la profondeur spirituelle \u00e0 la fid\u00e9lit\u00e9 doctrinale. Nous appr\u00e9cions son minist\u00e8re d\u2019excellence professionnelle et universitaire ainsi que son approche des questions th\u00e9ologiques qui ont une importance individuelle et mondiale. Nous sommes impatients de voir ce que le Seigneur fera pour l\u2019avenir d\u2019Adventist Review et de tous ses m\u00e9dias. \u00bb<\/p>\n<p>Traduction: Patrick Luciathe<\/p>\n","protected":false},"excerpt":{"rendered":"<p>Il s\u2019agit d\u2019un directeur adjoint de l\u2019\u00e9ducation, d\u2019un tr\u00e9sorier de division et d\u2019un r\u00e9dacteur en chef adjoint pour Adventist Review. 13 Avril 2023 | Silver Spring, Maryland, \u00c9tats-Unis | Marcos&#8230;<\/p>\n","protected":false},"author":3,"featured_media":97548,"comment_status":"closed","ping_status":"closed","sticky":false,"template":"","format":"standard","meta":{"_acf_changed":false,"footnotes":""},"categories":[18,19],"tags":[],"class_list":["post-97578","post","type-post","status-publish","format-standard","has-post-thumbnail","hentry","category-nouvelles-de-leglise-mondiale","category-rss-francais"],"acf":[],"yoast_head":"<!-- This site is optimized with the Yoast SEO plugin v27.3 - https:\/\/yoast.com\/product\/yoast-seo-wordpress\/ -->\n<title>Les dirigeants adventistes votent les noms de trois rempla\u00e7ants pour suppl\u00e9er \u00e0 des postes vacants - \u00c9glise Adventiste Du Septieme Jour - Inter Am\u00e9rique Division<\/title>\n<meta name=\"robots\" content=\"index, follow, max-snippet:-1, max-image-preview:large, max-video-preview:-1\" \/>\n<link rel=\"canonical\" href=\"https:\/\/interamerica.org\/fr\/2023\/04\/les-dirigeants-adventistes-votent-les-noms-de-trois-remplacants-pour-suppleer-a-des-postes-vacants\/\" \/>\n<meta property=\"og:locale\" content=\"fr_FR\" \/>\n<meta property=\"og:type\" content=\"article\" \/>\n<meta property=\"og:title\" content=\"Les dirigeants adventistes votent les noms de trois rempla\u00e7ants pour suppl\u00e9er \u00e0 des postes vacants - \u00c9glise Adventiste Du Septieme Jour - Inter Am\u00e9rique Division\" \/>\n<meta property=\"og:description\" content=\"Il s\u2019agit d\u2019un directeur adjoint de l\u2019\u00e9ducation, d\u2019un tr\u00e9sorier de division et d\u2019un r\u00e9dacteur en chef adjoint pour Adventist Review. 13 Avril 2023 | Silver Spring, Maryland, \u00c9tats-Unis | Marcos...\" \/>\n<meta property=\"og:url\" content=\"https:\/\/interamerica.org\/fr\/2023\/04\/les-dirigeants-adventistes-votent-les-noms-de-trois-remplacants-pour-suppleer-a-des-postes-vacants\/\" \/>\n<meta property=\"og:site_name\" content=\"\u00c9glise Adventiste Du Septieme Jour - Inter Am\u00e9rique Division\" \/>\n<meta property=\"article:published_time\" content=\"2023-04-14T00:01:07+00:00\" \/>\n<meta property=\"article:modified_time\" content=\"2023-04-15T14:36:19+00:00\" \/>\n<meta property=\"og:image\" content=\"https:\/\/interamerica.org\/wp-content\/uploads\/2023\/04\/artboard-1.png\" \/>\n\t<meta property=\"og:image:width\" content=\"1366\" \/>\n\t<meta property=\"og:image:height\" content=\"768\" \/>\n\t<meta property=\"og:image:type\" content=\"image\/png\" \/>\n<meta name=\"author\" content=\"libna\" \/>\n<meta name=\"twitter:card\" content=\"summary_large_image\" \/>\n<meta name=\"twitter:label1\" content=\"\u00c9crit par\" \/>\n\t<meta name=\"twitter:data1\" content=\"libna\" \/>\n\t<meta name=\"twitter:label2\" content=\"Dur\u00e9e de lecture estim\u00e9e\" \/>\n\t<meta name=\"twitter:data2\" content=\"7 minutes\" \/>\n<script type=\"application\/ld+json\" class=\"yoast-schema-graph\">{\"@context\":\"https:\\\/\\\/schema.org\",\"@graph\":[{\"@type\":\"Article\",\"@id\":\"https:\\\/\\\/interamerica.org\\\/fr\\\/2023\\\/04\\\/les-dirigeants-adventistes-votent-les-noms-de-trois-remplacants-pour-suppleer-a-des-postes-vacants\\\/#article\",\"isPartOf\":{\"@id\":\"https:\\\/\\\/interamerica.org\\\/fr\\\/2023\\\/04\\\/les-dirigeants-adventistes-votent-les-noms-de-trois-remplacants-pour-suppleer-a-des-postes-vacants\\\/\"},\"author\":{\"name\":\"libna\",\"@id\":\"https:\\\/\\\/interamerica.org\\\/fr\\\/#\\\/schema\\\/person\\\/29998f2bc2d8bd0d38662909289b54f1\"},\"headline\":\"Les dirigeants adventistes votent les noms de trois rempla\u00e7ants pour suppl\u00e9er \u00e0 des postes vacants\",\"datePublished\":\"2023-04-14T00:01:07+00:00\",\"dateModified\":\"2023-04-15T14:36:19+00:00\",\"mainEntityOfPage\":{\"@id\":\"https:\\\/\\\/interamerica.org\\\/fr\\\/2023\\\/04\\\/les-dirigeants-adventistes-votent-les-noms-de-trois-remplacants-pour-suppleer-a-des-postes-vacants\\\/\"},\"wordCount\":1525,\"image\":{\"@id\":\"https:\\\/\\\/interamerica.org\\\/fr\\\/2023\\\/04\\\/les-dirigeants-adventistes-votent-les-noms-de-trois-remplacants-pour-suppleer-a-des-postes-vacants\\\/#primaryimage\"},\"thumbnailUrl\":\"https:\\\/\\\/interamerica.org\\\/wp-content\\\/uploads\\\/2023\\\/04\\\/artboard-1.png\",\"articleSection\":[\"Nouvelles de l'\u00c9glise mondiale\",\"RSS Fran\u00e7ais\"],\"inLanguage\":\"fr-FR\"},{\"@type\":\"WebPage\",\"@id\":\"https:\\\/\\\/interamerica.org\\\/fr\\\/2023\\\/04\\\/les-dirigeants-adventistes-votent-les-noms-de-trois-remplacants-pour-suppleer-a-des-postes-vacants\\\/\",\"url\":\"https:\\\/\\\/interamerica.org\\\/fr\\\/2023\\\/04\\\/les-dirigeants-adventistes-votent-les-noms-de-trois-remplacants-pour-suppleer-a-des-postes-vacants\\\/\",\"name\":\"Les dirigeants adventistes votent les noms de trois rempla\u00e7ants pour suppl\u00e9er \u00e0 des postes vacants - \u00c9glise Adventiste Du Septieme Jour - Inter Am\u00e9rique Division\",\"isPartOf\":{\"@id\":\"https:\\\/\\\/interamerica.org\\\/fr\\\/#website\"},\"primaryImageOfPage\":{\"@id\":\"https:\\\/\\\/interamerica.org\\\/fr\\\/2023\\\/04\\\/les-dirigeants-adventistes-votent-les-noms-de-trois-remplacants-pour-suppleer-a-des-postes-vacants\\\/#primaryimage\"},\"image\":{\"@id\":\"https:\\\/\\\/interamerica.org\\\/fr\\\/2023\\\/04\\\/les-dirigeants-adventistes-votent-les-noms-de-trois-remplacants-pour-suppleer-a-des-postes-vacants\\\/#primaryimage\"},\"thumbnailUrl\":\"https:\\\/\\\/interamerica.org\\\/wp-content\\\/uploads\\\/2023\\\/04\\\/artboard-1.png\",\"datePublished\":\"2023-04-14T00:01:07+00:00\",\"dateModified\":\"2023-04-15T14:36:19+00:00\",\"author\":{\"@id\":\"https:\\\/\\\/interamerica.org\\\/fr\\\/#\\\/schema\\\/person\\\/29998f2bc2d8bd0d38662909289b54f1\"},\"breadcrumb\":{\"@id\":\"https:\\\/\\\/interamerica.org\\\/fr\\\/2023\\\/04\\\/les-dirigeants-adventistes-votent-les-noms-de-trois-remplacants-pour-suppleer-a-des-postes-vacants\\\/#breadcrumb\"},\"inLanguage\":\"fr-FR\",\"potentialAction\":[{\"@type\":\"ReadAction\",\"target\":[\"https:\\\/\\\/interamerica.org\\\/fr\\\/2023\\\/04\\\/les-dirigeants-adventistes-votent-les-noms-de-trois-remplacants-pour-suppleer-a-des-postes-vacants\\\/\"]}]},{\"@type\":\"ImageObject\",\"inLanguage\":\"fr-FR\",\"@id\":\"https:\\\/\\\/interamerica.org\\\/fr\\\/2023\\\/04\\\/les-dirigeants-adventistes-votent-les-noms-de-trois-remplacants-pour-suppleer-a-des-postes-vacants\\\/#primaryimage\",\"url\":\"https:\\\/\\\/interamerica.org\\\/wp-content\\\/uploads\\\/2023\\\/04\\\/artboard-1.png\",\"contentUrl\":\"https:\\\/\\\/interamerica.org\\\/wp-content\\\/uploads\\\/2023\\\/04\\\/artboard-1.png\",\"width\":1366,\"height\":768,\"caption\":\"S\u00f3crates Quispe (left), Oleg Voronyuk, and John Peckham. [Photo: courtesy of the South American Division, Euro-Asia Division, and John Peckham]\"},{\"@type\":\"BreadcrumbList\",\"@id\":\"https:\\\/\\\/interamerica.org\\\/fr\\\/2023\\\/04\\\/les-dirigeants-adventistes-votent-les-noms-de-trois-remplacants-pour-suppleer-a-des-postes-vacants\\\/#breadcrumb\",\"itemListElement\":[{\"@type\":\"ListItem\",\"position\":1,\"name\":\"Home\",\"item\":\"https:\\\/\\\/interamerica.org\\\/fr\\\/\"},{\"@type\":\"ListItem\",\"position\":2,\"name\":\"Les dirigeants adventistes votent les noms de trois rempla\u00e7ants pour suppl\u00e9er \u00e0 des postes vacants\"}]},{\"@type\":\"WebSite\",\"@id\":\"https:\\\/\\\/interamerica.org\\\/fr\\\/#website\",\"url\":\"https:\\\/\\\/interamerica.org\\\/fr\\\/\",\"name\":\"\u00c9glise Adventiste Du Septieme Jour - Inter Am\u00e9rique Division\",\"description\":\"\",\"potentialAction\":[{\"@type\":\"SearchAction\",\"target\":{\"@type\":\"EntryPoint\",\"urlTemplate\":\"https:\\\/\\\/interamerica.org\\\/fr\\\/?s={search_term_string}\"},\"query-input\":{\"@type\":\"PropertyValueSpecification\",\"valueRequired\":true,\"valueName\":\"search_term_string\"}}],\"inLanguage\":\"fr-FR\"},{\"@type\":\"Person\",\"@id\":\"https:\\\/\\\/interamerica.org\\\/fr\\\/#\\\/schema\\\/person\\\/29998f2bc2d8bd0d38662909289b54f1\",\"name\":\"libna\",\"image\":{\"@type\":\"ImageObject\",\"inLanguage\":\"fr-FR\",\"@id\":\"https:\\\/\\\/secure.gravatar.com\\\/avatar\\\/7c5bd30ae4b47a9ba3c856590957fd1d96dc588bf3ac05719d247e126840331f?s=96&d=mm&r=g\",\"url\":\"https:\\\/\\\/secure.gravatar.com\\\/avatar\\\/7c5bd30ae4b47a9ba3c856590957fd1d96dc588bf3ac05719d247e126840331f?s=96&d=mm&r=g\",\"contentUrl\":\"https:\\\/\\\/secure.gravatar.com\\\/avatar\\\/7c5bd30ae4b47a9ba3c856590957fd1d96dc588bf3ac05719d247e126840331f?s=96&d=mm&r=g\",\"caption\":\"libna\"}}]}<\/script>\n<!-- \/ Yoast SEO plugin. -->","yoast_head_json":{"title":"Les dirigeants adventistes votent les noms de trois rempla\u00e7ants pour suppl\u00e9er \u00e0 des postes vacants - \u00c9glise Adventiste Du Septieme Jour - Inter Am\u00e9rique Division","robots":{"index":"index","follow":"follow","max-snippet":"max-snippet:-1","max-image-preview":"max-image-preview:large","max-video-preview":"max-video-preview:-1"},"canonical":"https:\/\/interamerica.org\/fr\/2023\/04\/les-dirigeants-adventistes-votent-les-noms-de-trois-remplacants-pour-suppleer-a-des-postes-vacants\/","og_locale":"fr_FR","og_type":"article","og_title":"Les dirigeants adventistes votent les noms de trois rempla\u00e7ants pour suppl\u00e9er \u00e0 des postes vacants - \u00c9glise Adventiste Du Septieme Jour - Inter Am\u00e9rique Division","og_description":"Il s\u2019agit d\u2019un directeur adjoint de l\u2019\u00e9ducation, d\u2019un tr\u00e9sorier de division et d\u2019un r\u00e9dacteur en chef adjoint pour Adventist Review. 13 Avril 2023 | Silver Spring, Maryland, \u00c9tats-Unis | Marcos...","og_url":"https:\/\/interamerica.org\/fr\/2023\/04\/les-dirigeants-adventistes-votent-les-noms-de-trois-remplacants-pour-suppleer-a-des-postes-vacants\/","og_site_name":"\u00c9glise Adventiste Du Septieme Jour - Inter Am\u00e9rique Division","article_published_time":"2023-04-14T00:01:07+00:00","article_modified_time":"2023-04-15T14:36:19+00:00","og_image":[{"width":1366,"height":768,"url":"https:\/\/interamerica.org\/wp-content\/uploads\/2023\/04\/artboard-1.png","type":"image\/png"}],"author":"libna","twitter_card":"summary_large_image","twitter_misc":{"\u00c9crit par":"libna","Dur\u00e9e de lecture estim\u00e9e":"7 minutes"},"schema":{"@context":"https:\/\/schema.org","@graph":[{"@type":"Article","@id":"https:\/\/interamerica.org\/fr\/2023\/04\/les-dirigeants-adventistes-votent-les-noms-de-trois-remplacants-pour-suppleer-a-des-postes-vacants\/#article","isPartOf":{"@id":"https:\/\/interamerica.org\/fr\/2023\/04\/les-dirigeants-adventistes-votent-les-noms-de-trois-remplacants-pour-suppleer-a-des-postes-vacants\/"},"author":{"name":"libna","@id":"https:\/\/interamerica.org\/fr\/#\/schema\/person\/29998f2bc2d8bd0d38662909289b54f1"},"headline":"Les dirigeants adventistes votent les noms de trois rempla\u00e7ants pour suppl\u00e9er \u00e0 des postes vacants","datePublished":"2023-04-14T00:01:07+00:00","dateModified":"2023-04-15T14:36:19+00:00","mainEntityOfPage":{"@id":"https:\/\/interamerica.org\/fr\/2023\/04\/les-dirigeants-adventistes-votent-les-noms-de-trois-remplacants-pour-suppleer-a-des-postes-vacants\/"},"wordCount":1525,"image":{"@id":"https:\/\/interamerica.org\/fr\/2023\/04\/les-dirigeants-adventistes-votent-les-noms-de-trois-remplacants-pour-suppleer-a-des-postes-vacants\/#primaryimage"},"thumbnailUrl":"https:\/\/interamerica.org\/wp-content\/uploads\/2023\/04\/artboard-1.png","articleSection":["Nouvelles de l'\u00c9glise mondiale","RSS Fran\u00e7ais"],"inLanguage":"fr-FR"},{"@type":"WebPage","@id":"https:\/\/interamerica.org\/fr\/2023\/04\/les-dirigeants-adventistes-votent-les-noms-de-trois-remplacants-pour-suppleer-a-des-postes-vacants\/","url":"https:\/\/interamerica.org\/fr\/2023\/04\/les-dirigeants-adventistes-votent-les-noms-de-trois-remplacants-pour-suppleer-a-des-postes-vacants\/","name":"Les dirigeants adventistes votent les noms de trois rempla\u00e7ants pour suppl\u00e9er \u00e0 des postes vacants - \u00c9glise Adventiste Du Septieme Jour - Inter Am\u00e9rique Division","isPartOf":{"@id":"https:\/\/interamerica.org\/fr\/#website"},"primaryImageOfPage":{"@id":"https:\/\/interamerica.org\/fr\/2023\/04\/les-dirigeants-adventistes-votent-les-noms-de-trois-remplacants-pour-suppleer-a-des-postes-vacants\/#primaryimage"},"image":{"@id":"https:\/\/interamerica.org\/fr\/2023\/04\/les-dirigeants-adventistes-votent-les-noms-de-trois-remplacants-pour-suppleer-a-des-postes-vacants\/#primaryimage"},"thumbnailUrl":"https:\/\/interamerica.org\/wp-content\/uploads\/2023\/04\/artboard-1.png","datePublished":"2023-04-14T00:01:07+00:00","dateModified":"2023-04-15T14:36:19+00:00","author":{"@id":"https:\/\/interamerica.org\/fr\/#\/schema\/person\/29998f2bc2d8bd0d38662909289b54f1"},"breadcrumb":{"@id":"https:\/\/interamerica.org\/fr\/2023\/04\/les-dirigeants-adventistes-votent-les-noms-de-trois-remplacants-pour-suppleer-a-des-postes-vacants\/#breadcrumb"},"inLanguage":"fr-FR","potentialAction":[{"@type":"ReadAction","target":["https:\/\/interamerica.org\/fr\/2023\/04\/les-dirigeants-adventistes-votent-les-noms-de-trois-remplacants-pour-suppleer-a-des-postes-vacants\/"]}]},{"@type":"ImageObject","inLanguage":"fr-FR","@id":"https:\/\/interamerica.org\/fr\/2023\/04\/les-dirigeants-adventistes-votent-les-noms-de-trois-remplacants-pour-suppleer-a-des-postes-vacants\/#primaryimage","url":"https:\/\/interamerica.org\/wp-content\/uploads\/2023\/04\/artboard-1.png","contentUrl":"https:\/\/interamerica.org\/wp-content\/uploads\/2023\/04\/artboard-1.png","width":1366,"height":768,"caption":"S\u00f3crates Quispe (left), Oleg Voronyuk, and John Peckham. [Photo: courtesy of the South American Division, Euro-Asia Division, and John Peckham]"},{"@type":"BreadcrumbList","@id":"https:\/\/interamerica.org\/fr\/2023\/04\/les-dirigeants-adventistes-votent-les-noms-de-trois-remplacants-pour-suppleer-a-des-postes-vacants\/#breadcrumb","itemListElement":[{"@type":"ListItem","position":1,"name":"Home","item":"https:\/\/interamerica.org\/fr\/"},{"@type":"ListItem","position":2,"name":"Les dirigeants adventistes votent les noms de trois rempla\u00e7ants pour suppl\u00e9er \u00e0 des postes vacants"}]},{"@type":"WebSite","@id":"https:\/\/interamerica.org\/fr\/#website","url":"https:\/\/interamerica.org\/fr\/","name":"\u00c9glise Adventiste Du Septieme Jour - Inter Am\u00e9rique Division","description":"","potentialAction":[{"@type":"SearchAction","target":{"@type":"EntryPoint","urlTemplate":"https:\/\/interamerica.org\/fr\/?s={search_term_string}"},"query-input":{"@type":"PropertyValueSpecification","valueRequired":true,"valueName":"search_term_string"}}],"inLanguage":"fr-FR"},{"@type":"Person","@id":"https:\/\/interamerica.org\/fr\/#\/schema\/person\/29998f2bc2d8bd0d38662909289b54f1","name":"libna","image":{"@type":"ImageObject","inLanguage":"fr-FR","@id":"https:\/\/secure.gravatar.com\/avatar\/7c5bd30ae4b47a9ba3c856590957fd1d96dc588bf3ac05719d247e126840331f?s=96&d=mm&r=g","url":"https:\/\/secure.gravatar.com\/avatar\/7c5bd30ae4b47a9ba3c856590957fd1d96dc588bf3ac05719d247e126840331f?s=96&d=mm&r=g","contentUrl":"https:\/\/secure.gravatar.com\/avatar\/7c5bd30ae4b47a9ba3c856590957fd1d96dc588bf3ac05719d247e126840331f?s=96&d=mm&r=g","caption":"libna"}}]}},"_links":{"self":[{"href":"https:\/\/interamerica.org\/fr\/wp-json\/wp\/v2\/posts\/97578","targetHints":{"allow":["GET"]}}],"collection":[{"href":"https:\/\/interamerica.org\/fr\/wp-json\/wp\/v2\/posts"}],"about":[{"href":"https:\/\/interamerica.org\/fr\/wp-json\/wp\/v2\/types\/post"}],"author":[{"embeddable":true,"href":"https:\/\/interamerica.org\/fr\/wp-json\/wp\/v2\/users\/3"}],"replies":[{"embeddable":true,"href":"https:\/\/interamerica.org\/fr\/wp-json\/wp\/v2\/comments?post=97578"}],"version-history":[{"count":0,"href":"https:\/\/interamerica.org\/fr\/wp-json\/wp\/v2\/posts\/97578\/revisions"}],"wp:featuredmedia":[{"embeddable":true,"href":"https:\/\/interamerica.org\/fr\/wp-json\/wp\/v2\/media\/97548"}],"wp:attachment":[{"href":"https:\/\/interamerica.org\/fr\/wp-json\/wp\/v2\/media?parent=97578"}],"wp:term":[{"taxonomy":"category","embeddable":true,"href":"https:\/\/interamerica.org\/fr\/wp-json\/wp\/v2\/categories?post=97578"},{"taxonomy":"post_tag","embeddable":true,"href":"https:\/\/interamerica.org\/fr\/wp-json\/wp\/v2\/tags?post=97578"}],"curies":[{"name":"wp","href":"https:\/\/api.w.org\/{rel}","templated":true}]}}