{"id":97789,"date":"2023-04-16T11:30:48","date_gmt":"2023-04-16T15:30:48","guid":{"rendered":"https:\/\/interamerica.org\/?p=97789"},"modified":"2023-04-19T11:59:58","modified_gmt":"2023-04-19T15:59:58","slug":"le-magazine-mission-360-a-dix-ans","status":"publish","type":"post","link":"https:\/\/interamerica.org\/fr\/2023\/04\/le-magazine-mission-360-a-dix-ans\/","title":{"rendered":"Le magazine Mission 360 a dix ans"},"content":{"rendered":"<h4><b>C\u00e9l\u00e9bration d\u2019une d\u00e9cennie de publications sur le produit des offrandes missionnaires<\/b><\/h4>\n<p><span style=\"font-weight: 400;\">Le 16 avril 2023 | Silver Spring, Maryland, \u00c9tats-Unis | Andrew McChesney, Adventist Mission<\/span><\/p>\n<p><i><span style=\"font-weight: 400;\">Mission\u00a0360<\/span><\/i><span style=\"font-weight: 400;\">, le magazine missionnaire officiel de l\u2019\u00c9glise adventiste du septi\u00e8me jour, c\u00e9l\u00e8bre dix ans de journalisme sur les offrandes missionnaires \u00e0 l\u2019\u0153uvre.<\/span><\/p>\n<p><span style=\"font-weight: 400;\">La publication trimestrielle a \u00e9t\u00e9 \u00e9tablie en avril 2013 comme moyen de renseigner les membres sur la pleine \u00e9tendue des initiatives missionnaires officielles de l\u2019\u00c9glise adventiste, notamment le travail des missionnaires internationaux, des b\u00e9n\u00e9voles de courte dur\u00e9e, des pionniers de Global Mission et des \u00ab\u00a0fabricants de tentes\u00a0\u00bb.<\/span><\/p>\n<p><span style=\"font-weight: 400;\">\u00ab\u00a0Il montre comment tout le spectre des initiatives missionnaires de l\u2019\u00c9glise constitue une collaboration pour faire avancer l\u2019\u00c9vangile; il montre aussi clairement aux membres de l\u2019\u00c9glise comment leurs offrandes missionnaires ont un impact sur le monde entier\u00a0\u00bb, a expliqu\u00e9 Gary Krause, directeur d\u2019Adventist Mission, l\u2019organisation qui produit <\/span><i><span style=\"font-weight: 400;\">Mission\u00a0360<\/span><\/i><span style=\"font-weight: 400;\">. <\/span><\/p>\n<p><div id=\"attachment_97599\" style=\"width: 917px\" class=\"wp-caption aligncenter\"><img fetchpriority=\"high\" decoding=\"async\" aria-describedby=\"caption-attachment-97599\" class=\" wp-image-97598\" src=\"https:\/\/interamerica.org\/wp-content\/uploads\/2023\/04\/mission-magazine-001-scaled-1-1024x768.jpeg\" alt=\"\" width=\"907\" height=\"680\" srcset=\"https:\/\/interamerica.org\/wp-content\/uploads\/2023\/04\/mission-magazine-001-scaled-1-1024x768.jpeg 1024w, https:\/\/interamerica.org\/wp-content\/uploads\/2023\/04\/mission-magazine-001-scaled-1-300x225.jpeg 300w, https:\/\/interamerica.org\/wp-content\/uploads\/2023\/04\/mission-magazine-001-scaled-1-768x576.jpeg 768w, https:\/\/interamerica.org\/wp-content\/uploads\/2023\/04\/mission-magazine-001-scaled-1-1536x1152.jpeg 1536w, https:\/\/interamerica.org\/wp-content\/uploads\/2023\/04\/mission-magazine-001-scaled-1-2048x1536.jpeg 2048w\" sizes=\"(max-width: 907px) 100vw, 907px\" \/><p id=\"caption-attachment-97599\" class=\"wp-caption-text\"><span style=\"font-weight: 400;\">Le premier num\u00e9ro du magazine <\/span><i><span style=\"font-weight: 400;\">Mission 360<\/span><\/i><span style=\"font-weight: 400;\"> sortant de l\u2019imprimerie en 2013. [Une photo de Donna Rodill\/Adventist Mission]<\/span><\/p><\/div><i><span style=\"font-weight: 400;\">Mission 360<\/span><\/i><span style=\"font-weight: 400;\"> \u00e9tait l\u2019id\u00e9e personnelle de G. T. Ng, \u00e0 l\u2019\u00e9poque secr\u00e9taire de la Conf\u00e9rence g\u00e9n\u00e9rale, qui a imagin\u00e9 un magazine pr\u00e9sentant la vaste gamme des initiatives missionnaires de l\u2019\u00c9glise qui sont soutenues par les offrandes missionnaires. Il \u00e9tait ravi du r\u00e9sultat\u00a0: un magazine papier et num\u00e9rique faisant la promotion et rapportant, d\u2019une seule voix, les activit\u00e9s missionnaires et les d\u00e9fis rencontr\u00e9s dans le monde.<\/span><\/p>\n<p><span style=\"font-weight: 400;\">\u00ab\u00a0Les lecteurs ont l\u2019impression que les missionnaires diff\u00e8rent grandement les uns des autres, a-t-il dit. Ce sont tous des missionnaires, qu\u2019ils soient des b\u00e9n\u00e9voles de courte dur\u00e9e, des employ\u00e9s en service international \u00e0 long terme envoy\u00e9s \u00e0 l\u2019\u00e9tranger, de jeunes missionnaires pour une ann\u00e9e, des \u201cfabricants de tentes\u201d ou des pionniers de Global Mission.\u00a0\u00bb<\/span><\/p>\n<p><span style=\"font-weight: 400;\">Selon M.\u00a0Krause, qui a travaill\u00e9 \u00e9troitement avec le pasteur Ng et servi \u00e0 titre de consultant r\u00e9dacteur du magazine, le pasteur Ng voulait que les membres de l\u2019\u00c9glise soient capables de voir leurs offrandes missionnaires \u00e0 l\u2019\u0153uvre. C\u2019est l\u2019objectif que remplit <\/span><i><span style=\"font-weight: 400;\">Mission 360<\/span><\/i><span style=\"font-weight: 400;\">, mais notre d\u00e9fi, a-t-il ajout\u00e9, c\u2019est \u00ab\u00a0de faire d\u00e9couvrir le magazine \u00e0 d\u2019autres adventistes et de leur dire comment ils peuvent facilement le lire en ligne dans plusieurs langues.\u00a0\u00bb<\/span><\/p>\n<p><i><span style=\"font-weight: 400;\">Mission 360<\/span><\/i><span style=\"font-weight: 400;\"> est publi\u00e9 en anglais en version papier et num\u00e9rique, et quelques num\u00e9ros ont \u00e9galement \u00e9t\u00e9 publi\u00e9s num\u00e9riquement en fran\u00e7ais, en portugais et en espagnol.<\/span><\/p>\n<p><div id=\"attachment_97602\" style=\"width: 878px\" class=\"wp-caption aligncenter\"><img decoding=\"async\" aria-describedby=\"caption-attachment-97602\" class=\" wp-image-97601\" src=\"https:\/\/interamerica.org\/wp-content\/uploads\/2023\/04\/mission-magazine-003-2-1536x1152-1-1024x768.jpeg\" alt=\"\" width=\"868\" height=\"651\" srcset=\"https:\/\/interamerica.org\/wp-content\/uploads\/2023\/04\/mission-magazine-003-2-1536x1152-1-1024x768.jpeg 1024w, https:\/\/interamerica.org\/wp-content\/uploads\/2023\/04\/mission-magazine-003-2-1536x1152-1-300x225.jpeg 300w, https:\/\/interamerica.org\/wp-content\/uploads\/2023\/04\/mission-magazine-003-2-1536x1152-1-768x576.jpeg 768w, https:\/\/interamerica.org\/wp-content\/uploads\/2023\/04\/mission-magazine-003-2-1536x1152-1.jpeg 1536w\" sizes=\"(max-width: 868px) 100vw, 868px\" \/><p id=\"caption-attachment-97602\" class=\"wp-caption-text\"><span style=\"font-weight: 400;\">Des exemplaires du premier num\u00e9ro du magazine <\/span><i><span style=\"font-weight: 400;\">Mission 360<\/span><\/i><span style=\"font-weight: 400;\"> sont empil\u00e9s apr\u00e8s leur impression. C\u2019\u00e9tait en avril 2013. [Une photo de Donna Rodill\/Adventist Mission]<\/span><\/p><\/div><b>Que le d\u00e9but<\/b><\/p>\n<p><span style=\"font-weight: 400;\">D\u2019apr\u00e8s Laurie Falvo, r\u00e9dactrice en chef actuelle et membre du personnel du magazine depuis sa cr\u00e9ation, le dixi\u00e8me anniversaire du magazine n\u2019est que le d\u00e9but.<\/span><\/p>\n<p><span style=\"font-weight: 400;\">\u00ab\u00a0Mon objectif est d\u2019aider le plus de membres d\u2019\u00e9glise possible \u00e0 faire l\u2019exp\u00e9rience des d\u00e9fis et des r\u00e9ussites de la mission adventiste et \u00e0 contribuer \u00e0 la h\u00e2te du retour de J\u00e9sus en offrant leur soutien par la pri\u00e8re, les finances et le service, a-t-elle dit. J\u2019aimerais aussi que chaque num\u00e9ro du magazine trimestriel soit traduit.\u00a0\u00bb<\/span><\/p>\n<p><span style=\"font-weight: 400;\">M<\/span><span style=\"font-weight: 400;\">me<\/span><span style=\"font-weight: 400;\">\u00a0Falvo s\u2019est dite privil\u00e9gi\u00e9e d\u2019avoir pu publier autant d\u2019histoires missionnaires puissantes et inspirantes au cours de la derni\u00e8re d\u00e9cennie. Ayant re\u00e7u la demande de choisir l\u2019une des ses pr\u00e9f\u00e9r\u00e9es, elle a parl\u00e9 d\u2019une histoire intitul\u00e9e <\/span><i><span style=\"font-weight: 400;\">The Man with the Golden Tooth<\/span><\/i><span style=\"font-weight: 400;\"> (\u00ab\u00a0L\u2019homme \u00e0 la dent en or\u00a0\u00bb), publi\u00e9e au troisi\u00e8me trimestre de 2019. L\u2019article, \u00e9crit par Galina Stele, porte sur un pasteur canadien du nom de T. T. Babienco, que la Conf\u00e9rence g\u00e9n\u00e9rale a envoy\u00e9 en Chine en 1920 pour superviser les \u00e9glises adventistes d\u2019expression russe et les croyants qui y \u00e9taient \u00e9parpill\u00e9s.<\/span><\/p>\n<p><span style=\"font-weight: 400;\">\u00ab Cet article contient tous les \u00e9l\u00e9ments d\u2019une bonne histoire\u00a0: du danger, du suspense, de l\u2019audace, une loyaut\u00e9 in\u00e9branlable, l\u2019intensit\u00e9 de la lutte entre le bien et le mal et un revirement des \u00e9v\u00e9nements qui m\u2019a plong\u00e9 dans un \u00e9tat d\u2019\u00e9merveillement quant \u00e0 la puissance et \u00e0 l\u2019amour de Dieu, a-t-elle racont\u00e9. Dans les mots de l\u2019auteur, \u201cSon exp\u00e9rience r\u00e9v\u00e8le les r\u00e9percussions d\u2019une seule vie chr\u00e9tienne enti\u00e8rement consacr\u00e9e \u00e0 Dieu.\u201d\u00a0\u00bb<\/span><\/p>\n<p><div id=\"attachment_97605\" style=\"width: 866px\" class=\"wp-caption aligncenter\"><img decoding=\"async\" aria-describedby=\"caption-attachment-97605\" class=\" wp-image-97604\" src=\"https:\/\/interamerica.org\/wp-content\/uploads\/2023\/04\/mission-magazine-005-1536x1152-1-1024x768.jpeg\" alt=\"\" width=\"856\" height=\"642\" srcset=\"https:\/\/interamerica.org\/wp-content\/uploads\/2023\/04\/mission-magazine-005-1536x1152-1-1024x768.jpeg 1024w, https:\/\/interamerica.org\/wp-content\/uploads\/2023\/04\/mission-magazine-005-1536x1152-1-300x225.jpeg 300w, https:\/\/interamerica.org\/wp-content\/uploads\/2023\/04\/mission-magazine-005-1536x1152-1-768x576.jpeg 768w, https:\/\/interamerica.org\/wp-content\/uploads\/2023\/04\/mission-magazine-005-1536x1152-1.jpeg 1536w\" sizes=\"(max-width: 856px) 100vw, 856px\" \/><p id=\"caption-attachment-97605\" class=\"wp-caption-text\"><span style=\"font-weight: 400;\">Vue du premier num\u00e9ro du magazine <\/span><i><span style=\"font-weight: 400;\">Mission 360<\/span><\/i><span style=\"font-weight: 400;\"> \u00e0 sa sortie de l\u2019imprimerie. [Une photo de Donna Rodill\/Adventist Mission]<\/span><\/p><\/div><b>De nouvelles initiatives audacieuses<\/b><\/p>\n<p><span style=\"font-weight: 400;\">Poursuivant sa lanc\u00e9e, le magazine aura l\u2019occasion de rapporter de nouvelles initiatives missionnaires audacieuses, a dit Erton K\u00f6hler, qui a pris la rel\u00e8ve du pasteur Ng, en 2021, comme secr\u00e9taire de la Conf\u00e9rence g\u00e9n\u00e9rale.<\/span><\/p>\n<p><span style=\"font-weight: 400;\">\u00ab\u00a0Je vois ce magazine comme une grande source de t\u00e9moignages inspirants et de rapports sur nos projets missionnaires de premi\u00e8res lignes ainsi que comme un moyen de partager de nouvelles initiatives strat\u00e9giques avec l\u2019\u00c9glise, a-t-il dit. C\u2019est quelque chose que le magazine a fait au cours des dix derni\u00e8res ann\u00e9es, mais nous pouvons renouveler nos fa\u00e7ons d\u2019utiliser ces diff\u00e9rentes initiatives pour int\u00e9resser les gens.\u00a0\u00bb<\/span><\/p>\n<p><span style=\"font-weight: 400;\">Selon lui, l\u2019\u00c9glise adventiste doit cr\u00e9er d\u2019autres projets ambitieux qui la sortent de sa routine.<\/span><\/p>\n<p><span style=\"font-weight: 400;\">\u00ab\u00a0Le monde est en train de s\u2019\u00e9crouler, a-t-il ajout\u00e9. Nous devons \u00eatre plus pertinents dans nos fa\u00e7ons d\u2019aborder notre mission, d\u00e9velopper des projets et mettre l\u2019\u00c9glise au d\u00e9fi de participer \u00e0 des initiatives qui peuvent r\u00e9ellement atteindre le monde afin de voir nous-m\u00eames J\u00e9sus descendre dans la nu\u00e9e des cieux.\u00a0\u00bb<\/span><\/p>\n<p><span style=\"font-weight: 400;\">La <\/span><a href=\"https:\/\/www.adventistmission.org\/mission-360-magazine-turns-10\"><span style=\"font-weight: 400;\">version originale<\/span><\/a><span style=\"font-weight: 400;\"> de cet article a \u00e9t\u00e9 publi\u00e9e sur le site d\u2019<\/span><a href=\"https:\/\/am.adventistmission.org\/mission360-home\"><span style=\"font-weight: 400;\">Adventist Mission<\/span><\/a><span style=\"font-weight: 400;\">.<\/span><\/p>\n<p><span style=\"font-weight: 400;\">Traduction\u00a0: Marie-Mich\u00e8le Robitaille<\/span><\/p>\n","protected":false},"excerpt":{"rendered":"<p>C\u00e9l\u00e9bration d\u2019une d\u00e9cennie de publications sur le produit des offrandes missionnaires Le 16 avril 2023 | Silver Spring, Maryland, \u00c9tats-Unis | Andrew McChesney, Adventist Mission Mission\u00a0360, le magazine missionnaire officiel&#8230;<\/p>\n","protected":false},"author":3,"featured_media":97599,"comment_status":"closed","ping_status":"closed","sticky":false,"template":"","format":"standard","meta":{"_acf_changed":false,"footnotes":""},"categories":[18,19],"tags":[],"class_list":["post-97789","post","type-post","status-publish","format-standard","has-post-thumbnail","hentry","category-nouvelles-de-leglise-mondiale","category-rss-francais"],"acf":[],"yoast_head":"<!-- This site is optimized with the Yoast SEO plugin v27.3 - https:\/\/yoast.com\/product\/yoast-seo-wordpress\/ -->\n<title>Le magazine Mission 360 a dix ans - \u00c9glise Adventiste Du Septieme Jour - Inter Am\u00e9rique Division<\/title>\n<meta name=\"robots\" content=\"index, follow, max-snippet:-1, max-image-preview:large, max-video-preview:-1\" \/>\n<link rel=\"canonical\" href=\"https:\/\/interamerica.org\/fr\/2023\/04\/le-magazine-mission-360-a-dix-ans\/\" \/>\n<meta property=\"og:locale\" content=\"fr_FR\" \/>\n<meta property=\"og:type\" content=\"article\" \/>\n<meta property=\"og:title\" content=\"Le magazine Mission 360 a dix ans - \u00c9glise Adventiste Du Septieme Jour - Inter Am\u00e9rique Division\" \/>\n<meta property=\"og:description\" content=\"C\u00e9l\u00e9bration d\u2019une d\u00e9cennie de publications sur le produit des offrandes missionnaires Le 16 avril 2023 | Silver Spring, Maryland, \u00c9tats-Unis | Andrew McChesney, Adventist Mission Mission\u00a0360, le magazine missionnaire officiel...\" \/>\n<meta property=\"og:url\" content=\"https:\/\/interamerica.org\/fr\/2023\/04\/le-magazine-mission-360-a-dix-ans\/\" \/>\n<meta property=\"og:site_name\" content=\"\u00c9glise Adventiste Du Septieme Jour - Inter Am\u00e9rique Division\" \/>\n<meta property=\"article:published_time\" content=\"2023-04-16T15:30:48+00:00\" \/>\n<meta property=\"article:modified_time\" content=\"2023-04-19T15:59:58+00:00\" \/>\n<meta property=\"og:image\" content=\"https:\/\/interamerica.org\/wp-content\/uploads\/2023\/04\/mission-magazine-001-scaled-1.jpeg\" \/>\n\t<meta property=\"og:image:width\" content=\"2560\" \/>\n\t<meta property=\"og:image:height\" content=\"1920\" \/>\n\t<meta property=\"og:image:type\" content=\"image\/jpeg\" \/>\n<meta name=\"author\" content=\"libna\" \/>\n<meta name=\"twitter:card\" content=\"summary_large_image\" \/>\n<meta name=\"twitter:label1\" content=\"\u00c9crit par\" \/>\n\t<meta name=\"twitter:data1\" content=\"libna\" \/>\n\t<meta name=\"twitter:label2\" content=\"Dur\u00e9e de lecture estim\u00e9e\" \/>\n\t<meta name=\"twitter:data2\" content=\"5 minutes\" \/>\n<script type=\"application\/ld+json\" class=\"yoast-schema-graph\">{\"@context\":\"https:\\\/\\\/schema.org\",\"@graph\":[{\"@type\":\"Article\",\"@id\":\"https:\\\/\\\/interamerica.org\\\/fr\\\/2023\\\/04\\\/le-magazine-mission-360-a-dix-ans\\\/#article\",\"isPartOf\":{\"@id\":\"https:\\\/\\\/interamerica.org\\\/fr\\\/2023\\\/04\\\/le-magazine-mission-360-a-dix-ans\\\/\"},\"author\":{\"name\":\"libna\",\"@id\":\"https:\\\/\\\/interamerica.org\\\/fr\\\/#\\\/schema\\\/person\\\/29998f2bc2d8bd0d38662909289b54f1\"},\"headline\":\"Le magazine Mission 360 a dix ans\",\"datePublished\":\"2023-04-16T15:30:48+00:00\",\"dateModified\":\"2023-04-19T15:59:58+00:00\",\"mainEntityOfPage\":{\"@id\":\"https:\\\/\\\/interamerica.org\\\/fr\\\/2023\\\/04\\\/le-magazine-mission-360-a-dix-ans\\\/\"},\"wordCount\":1011,\"image\":{\"@id\":\"https:\\\/\\\/interamerica.org\\\/fr\\\/2023\\\/04\\\/le-magazine-mission-360-a-dix-ans\\\/#primaryimage\"},\"thumbnailUrl\":\"https:\\\/\\\/interamerica.org\\\/wp-content\\\/uploads\\\/2023\\\/04\\\/mission-magazine-001-scaled-1.jpeg\",\"articleSection\":[\"Nouvelles de l'\u00c9glise mondiale\",\"RSS Fran\u00e7ais\"],\"inLanguage\":\"fr-FR\"},{\"@type\":\"WebPage\",\"@id\":\"https:\\\/\\\/interamerica.org\\\/fr\\\/2023\\\/04\\\/le-magazine-mission-360-a-dix-ans\\\/\",\"url\":\"https:\\\/\\\/interamerica.org\\\/fr\\\/2023\\\/04\\\/le-magazine-mission-360-a-dix-ans\\\/\",\"name\":\"Le magazine Mission 360 a dix ans - \u00c9glise Adventiste Du Septieme Jour - Inter Am\u00e9rique Division\",\"isPartOf\":{\"@id\":\"https:\\\/\\\/interamerica.org\\\/fr\\\/#website\"},\"primaryImageOfPage\":{\"@id\":\"https:\\\/\\\/interamerica.org\\\/fr\\\/2023\\\/04\\\/le-magazine-mission-360-a-dix-ans\\\/#primaryimage\"},\"image\":{\"@id\":\"https:\\\/\\\/interamerica.org\\\/fr\\\/2023\\\/04\\\/le-magazine-mission-360-a-dix-ans\\\/#primaryimage\"},\"thumbnailUrl\":\"https:\\\/\\\/interamerica.org\\\/wp-content\\\/uploads\\\/2023\\\/04\\\/mission-magazine-001-scaled-1.jpeg\",\"datePublished\":\"2023-04-16T15:30:48+00:00\",\"dateModified\":\"2023-04-19T15:59:58+00:00\",\"author\":{\"@id\":\"https:\\\/\\\/interamerica.org\\\/fr\\\/#\\\/schema\\\/person\\\/29998f2bc2d8bd0d38662909289b54f1\"},\"breadcrumb\":{\"@id\":\"https:\\\/\\\/interamerica.org\\\/fr\\\/2023\\\/04\\\/le-magazine-mission-360-a-dix-ans\\\/#breadcrumb\"},\"inLanguage\":\"fr-FR\",\"potentialAction\":[{\"@type\":\"ReadAction\",\"target\":[\"https:\\\/\\\/interamerica.org\\\/fr\\\/2023\\\/04\\\/le-magazine-mission-360-a-dix-ans\\\/\"]}]},{\"@type\":\"ImageObject\",\"inLanguage\":\"fr-FR\",\"@id\":\"https:\\\/\\\/interamerica.org\\\/fr\\\/2023\\\/04\\\/le-magazine-mission-360-a-dix-ans\\\/#primaryimage\",\"url\":\"https:\\\/\\\/interamerica.org\\\/wp-content\\\/uploads\\\/2023\\\/04\\\/mission-magazine-001-scaled-1.jpeg\",\"contentUrl\":\"https:\\\/\\\/interamerica.org\\\/wp-content\\\/uploads\\\/2023\\\/04\\\/mission-magazine-001-scaled-1.jpeg\",\"width\":2560,\"height\":1920,\"caption\":\"The first issue of Mission 360 magazine coming off the printing press in 2013. [Photo: Donna Rodill\\\/Adventist Mission]\"},{\"@type\":\"BreadcrumbList\",\"@id\":\"https:\\\/\\\/interamerica.org\\\/fr\\\/2023\\\/04\\\/le-magazine-mission-360-a-dix-ans\\\/#breadcrumb\",\"itemListElement\":[{\"@type\":\"ListItem\",\"position\":1,\"name\":\"Home\",\"item\":\"https:\\\/\\\/interamerica.org\\\/fr\\\/\"},{\"@type\":\"ListItem\",\"position\":2,\"name\":\"Le magazine Mission 360 a dix ans\"}]},{\"@type\":\"WebSite\",\"@id\":\"https:\\\/\\\/interamerica.org\\\/fr\\\/#website\",\"url\":\"https:\\\/\\\/interamerica.org\\\/fr\\\/\",\"name\":\"\u00c9glise Adventiste Du Septieme Jour - Inter Am\u00e9rique Division\",\"description\":\"\",\"potentialAction\":[{\"@type\":\"SearchAction\",\"target\":{\"@type\":\"EntryPoint\",\"urlTemplate\":\"https:\\\/\\\/interamerica.org\\\/fr\\\/?s={search_term_string}\"},\"query-input\":{\"@type\":\"PropertyValueSpecification\",\"valueRequired\":true,\"valueName\":\"search_term_string\"}}],\"inLanguage\":\"fr-FR\"},{\"@type\":\"Person\",\"@id\":\"https:\\\/\\\/interamerica.org\\\/fr\\\/#\\\/schema\\\/person\\\/29998f2bc2d8bd0d38662909289b54f1\",\"name\":\"libna\",\"image\":{\"@type\":\"ImageObject\",\"inLanguage\":\"fr-FR\",\"@id\":\"https:\\\/\\\/secure.gravatar.com\\\/avatar\\\/7c5bd30ae4b47a9ba3c856590957fd1d96dc588bf3ac05719d247e126840331f?s=96&d=mm&r=g\",\"url\":\"https:\\\/\\\/secure.gravatar.com\\\/avatar\\\/7c5bd30ae4b47a9ba3c856590957fd1d96dc588bf3ac05719d247e126840331f?s=96&d=mm&r=g\",\"contentUrl\":\"https:\\\/\\\/secure.gravatar.com\\\/avatar\\\/7c5bd30ae4b47a9ba3c856590957fd1d96dc588bf3ac05719d247e126840331f?s=96&d=mm&r=g\",\"caption\":\"libna\"}}]}<\/script>\n<!-- \/ Yoast SEO plugin. -->","yoast_head_json":{"title":"Le magazine Mission 360 a dix ans - \u00c9glise Adventiste Du Septieme Jour - Inter Am\u00e9rique Division","robots":{"index":"index","follow":"follow","max-snippet":"max-snippet:-1","max-image-preview":"max-image-preview:large","max-video-preview":"max-video-preview:-1"},"canonical":"https:\/\/interamerica.org\/fr\/2023\/04\/le-magazine-mission-360-a-dix-ans\/","og_locale":"fr_FR","og_type":"article","og_title":"Le magazine Mission 360 a dix ans - \u00c9glise Adventiste Du Septieme Jour - Inter Am\u00e9rique Division","og_description":"C\u00e9l\u00e9bration d\u2019une d\u00e9cennie de publications sur le produit des offrandes missionnaires Le 16 avril 2023 | Silver Spring, Maryland, \u00c9tats-Unis | Andrew McChesney, Adventist Mission Mission\u00a0360, le magazine missionnaire officiel...","og_url":"https:\/\/interamerica.org\/fr\/2023\/04\/le-magazine-mission-360-a-dix-ans\/","og_site_name":"\u00c9glise Adventiste Du Septieme Jour - Inter Am\u00e9rique Division","article_published_time":"2023-04-16T15:30:48+00:00","article_modified_time":"2023-04-19T15:59:58+00:00","og_image":[{"width":2560,"height":1920,"url":"https:\/\/interamerica.org\/wp-content\/uploads\/2023\/04\/mission-magazine-001-scaled-1.jpeg","type":"image\/jpeg"}],"author":"libna","twitter_card":"summary_large_image","twitter_misc":{"\u00c9crit par":"libna","Dur\u00e9e de lecture estim\u00e9e":"5 minutes"},"schema":{"@context":"https:\/\/schema.org","@graph":[{"@type":"Article","@id":"https:\/\/interamerica.org\/fr\/2023\/04\/le-magazine-mission-360-a-dix-ans\/#article","isPartOf":{"@id":"https:\/\/interamerica.org\/fr\/2023\/04\/le-magazine-mission-360-a-dix-ans\/"},"author":{"name":"libna","@id":"https:\/\/interamerica.org\/fr\/#\/schema\/person\/29998f2bc2d8bd0d38662909289b54f1"},"headline":"Le magazine Mission 360 a dix ans","datePublished":"2023-04-16T15:30:48+00:00","dateModified":"2023-04-19T15:59:58+00:00","mainEntityOfPage":{"@id":"https:\/\/interamerica.org\/fr\/2023\/04\/le-magazine-mission-360-a-dix-ans\/"},"wordCount":1011,"image":{"@id":"https:\/\/interamerica.org\/fr\/2023\/04\/le-magazine-mission-360-a-dix-ans\/#primaryimage"},"thumbnailUrl":"https:\/\/interamerica.org\/wp-content\/uploads\/2023\/04\/mission-magazine-001-scaled-1.jpeg","articleSection":["Nouvelles de l'\u00c9glise mondiale","RSS Fran\u00e7ais"],"inLanguage":"fr-FR"},{"@type":"WebPage","@id":"https:\/\/interamerica.org\/fr\/2023\/04\/le-magazine-mission-360-a-dix-ans\/","url":"https:\/\/interamerica.org\/fr\/2023\/04\/le-magazine-mission-360-a-dix-ans\/","name":"Le magazine Mission 360 a dix ans - \u00c9glise Adventiste Du Septieme Jour - Inter Am\u00e9rique Division","isPartOf":{"@id":"https:\/\/interamerica.org\/fr\/#website"},"primaryImageOfPage":{"@id":"https:\/\/interamerica.org\/fr\/2023\/04\/le-magazine-mission-360-a-dix-ans\/#primaryimage"},"image":{"@id":"https:\/\/interamerica.org\/fr\/2023\/04\/le-magazine-mission-360-a-dix-ans\/#primaryimage"},"thumbnailUrl":"https:\/\/interamerica.org\/wp-content\/uploads\/2023\/04\/mission-magazine-001-scaled-1.jpeg","datePublished":"2023-04-16T15:30:48+00:00","dateModified":"2023-04-19T15:59:58+00:00","author":{"@id":"https:\/\/interamerica.org\/fr\/#\/schema\/person\/29998f2bc2d8bd0d38662909289b54f1"},"breadcrumb":{"@id":"https:\/\/interamerica.org\/fr\/2023\/04\/le-magazine-mission-360-a-dix-ans\/#breadcrumb"},"inLanguage":"fr-FR","potentialAction":[{"@type":"ReadAction","target":["https:\/\/interamerica.org\/fr\/2023\/04\/le-magazine-mission-360-a-dix-ans\/"]}]},{"@type":"ImageObject","inLanguage":"fr-FR","@id":"https:\/\/interamerica.org\/fr\/2023\/04\/le-magazine-mission-360-a-dix-ans\/#primaryimage","url":"https:\/\/interamerica.org\/wp-content\/uploads\/2023\/04\/mission-magazine-001-scaled-1.jpeg","contentUrl":"https:\/\/interamerica.org\/wp-content\/uploads\/2023\/04\/mission-magazine-001-scaled-1.jpeg","width":2560,"height":1920,"caption":"The first issue of Mission 360 magazine coming off the printing press in 2013. [Photo: Donna Rodill\/Adventist Mission]"},{"@type":"BreadcrumbList","@id":"https:\/\/interamerica.org\/fr\/2023\/04\/le-magazine-mission-360-a-dix-ans\/#breadcrumb","itemListElement":[{"@type":"ListItem","position":1,"name":"Home","item":"https:\/\/interamerica.org\/fr\/"},{"@type":"ListItem","position":2,"name":"Le magazine Mission 360 a dix ans"}]},{"@type":"WebSite","@id":"https:\/\/interamerica.org\/fr\/#website","url":"https:\/\/interamerica.org\/fr\/","name":"\u00c9glise Adventiste Du Septieme Jour - Inter Am\u00e9rique Division","description":"","potentialAction":[{"@type":"SearchAction","target":{"@type":"EntryPoint","urlTemplate":"https:\/\/interamerica.org\/fr\/?s={search_term_string}"},"query-input":{"@type":"PropertyValueSpecification","valueRequired":true,"valueName":"search_term_string"}}],"inLanguage":"fr-FR"},{"@type":"Person","@id":"https:\/\/interamerica.org\/fr\/#\/schema\/person\/29998f2bc2d8bd0d38662909289b54f1","name":"libna","image":{"@type":"ImageObject","inLanguage":"fr-FR","@id":"https:\/\/secure.gravatar.com\/avatar\/7c5bd30ae4b47a9ba3c856590957fd1d96dc588bf3ac05719d247e126840331f?s=96&d=mm&r=g","url":"https:\/\/secure.gravatar.com\/avatar\/7c5bd30ae4b47a9ba3c856590957fd1d96dc588bf3ac05719d247e126840331f?s=96&d=mm&r=g","contentUrl":"https:\/\/secure.gravatar.com\/avatar\/7c5bd30ae4b47a9ba3c856590957fd1d96dc588bf3ac05719d247e126840331f?s=96&d=mm&r=g","caption":"libna"}}]}},"_links":{"self":[{"href":"https:\/\/interamerica.org\/fr\/wp-json\/wp\/v2\/posts\/97789","targetHints":{"allow":["GET"]}}],"collection":[{"href":"https:\/\/interamerica.org\/fr\/wp-json\/wp\/v2\/posts"}],"about":[{"href":"https:\/\/interamerica.org\/fr\/wp-json\/wp\/v2\/types\/post"}],"author":[{"embeddable":true,"href":"https:\/\/interamerica.org\/fr\/wp-json\/wp\/v2\/users\/3"}],"replies":[{"embeddable":true,"href":"https:\/\/interamerica.org\/fr\/wp-json\/wp\/v2\/comments?post=97789"}],"version-history":[{"count":0,"href":"https:\/\/interamerica.org\/fr\/wp-json\/wp\/v2\/posts\/97789\/revisions"}],"wp:featuredmedia":[{"embeddable":true,"href":"https:\/\/interamerica.org\/fr\/wp-json\/wp\/v2\/media\/97599"}],"wp:attachment":[{"href":"https:\/\/interamerica.org\/fr\/wp-json\/wp\/v2\/media?parent=97789"}],"wp:term":[{"taxonomy":"category","embeddable":true,"href":"https:\/\/interamerica.org\/fr\/wp-json\/wp\/v2\/categories?post=97789"},{"taxonomy":"post_tag","embeddable":true,"href":"https:\/\/interamerica.org\/fr\/wp-json\/wp\/v2\/tags?post=97789"}],"curies":[{"name":"wp","href":"https:\/\/api.w.org\/{rel}","templated":true}]}}