{"id":97818,"date":"2023-04-17T17:04:09","date_gmt":"2023-04-17T21:04:09","guid":{"rendered":"https:\/\/interamerica.org\/?p=97818"},"modified":"2023-04-20T09:35:04","modified_gmt":"2023-04-20T13:35:04","slug":"les-evangelistes-internationaux-sont-invites-a-se-joindre-au-projet-christ-pour-leurope","status":"publish","type":"post","link":"https:\/\/interamerica.org\/fr\/2023\/04\/les-evangelistes-internationaux-sont-invites-a-se-joindre-au-projet-christ-pour-leurope\/","title":{"rendered":"Les \u00e9vang\u00e9listes internationaux sont invit\u00e9s \u00e0 se joindre au projet \u00ab Christ pour l\u2019Europe \u00bb"},"content":{"rendered":"<h4><b>Duane McKey, pr\u00e9sident de l\u2019AWR, lance un appel pour plus de pr\u00e9dicateurs volontaires.<\/b><\/h4>\n<h4><span style=\"font-weight: 400;\">Rachel Ashworth, ANN et <\/span><i><span style=\"font-weight: 400;\">Adventist Review<\/span><\/i><\/h4>\n<p><span style=\"font-weight: 400;\">Ted N.\u00a0C. Wilson, pr\u00e9sident de la Conf\u00e9rence g\u00e9n\u00e9rale et des r\u00e9unions printani\u00e8res de l\u2019\u00c9glise adventiste du septi\u00e8me jour, qui ont eu lieu le 11\u00a0avril dernier \u00e0 Silver Spring, dans l\u2019\u00c9tat am\u00e9ricain du Maryland, a introduit le rapport sur \u00ab\u00a0Christ pour l\u2019Europe\u00a0\u00bb (\u00ab\u00a0Christ for Europe\u00a0\u00bb de son nom original) en disant que \u00ab\u00a0L\u2019Europe se s\u00e9cularise de plus en plus\u2026 Cependant, des milliers de gens, voire des millions, ont faim de la Parole de Dieu.\u00a0\u00bb<\/span><\/p>\n<p><span style=\"font-weight: 400;\">Le pasteur Wilson a mentionn\u00e9 deux grandes campagnes d\u2019\u00e9vang\u00e9lisation pr\u00e9vues en Europe cette ann\u00e9e, l\u2019une en mai et l\u2019autre en septembre, \u00ab\u00a0ou toute autre date \u00e0 laquelle un site choisira de participer\u00a0\u00bb. Il doit faire partie des orateurs de l\u2019\u00e9v\u00e9nement de mai, \u00e0 Prague, en R\u00e9publique tch\u00e8que. Tous les \u00e9v\u00e9nements impliquent des centaines de pasteurs consacr\u00e9s, de b\u00e9n\u00e9voles, d\u2019orateurs, de sites et de collaborations, a rapport\u00e9 Duane McKey, pr\u00e9sident de l\u2019Adventist World Radio (AWR).<\/span><\/p>\n<img fetchpriority=\"high\" decoding=\"async\" class=\"wp-image-97714\" src=\"https:\/\/interamerica.org\/wp-content\/uploads\/2023\/04\/ame-100117697-20230411-spring-meeting-etm-08-mpr-scaled-1-1024x576.jpeg\" alt=\"\" width=\"971\" height=\"546\" srcset=\"https:\/\/interamerica.org\/wp-content\/uploads\/2023\/04\/ame-100117697-20230411-spring-meeting-etm-08-mpr-scaled-1-1024x576.jpeg 1024w, https:\/\/interamerica.org\/wp-content\/uploads\/2023\/04\/ame-100117697-20230411-spring-meeting-etm-08-mpr-scaled-1-300x169.jpeg 300w, https:\/\/interamerica.org\/wp-content\/uploads\/2023\/04\/ame-100117697-20230411-spring-meeting-etm-08-mpr-scaled-1-768x432.jpeg 768w, https:\/\/interamerica.org\/wp-content\/uploads\/2023\/04\/ame-100117697-20230411-spring-meeting-etm-08-mpr-scaled-1-1536x865.jpeg 1536w, https:\/\/interamerica.org\/wp-content\/uploads\/2023\/04\/ame-100117697-20230411-spring-meeting-etm-08-mpr-scaled-1-2048x1153.jpeg 2048w\" sizes=\"(max-width: 971px) 100vw, 971px\" \/>\n<p>Duane McKey, pr\u00e9sident de l\u2019Adventist World Radio, en pr\u00e9sentation lors des r\u00e9unions printani\u00e8res de 2023 le 11\u00a0avril dernier \u00e0 la Conf\u00e9rence g\u00e9n\u00e9rale de Silver Spring, Maryland, \u00c9tats-Unis. [Une photo d\u2019Enno M\u00fcller d\u2019Adventist Media Exchange]<b>Des statistiques relatives \u00e0 Christ pour l\u2019Europe<\/b><\/p>\n<p><span style=\"font-weight: 400;\">Depuis son introduction, Christ pour l\u2019Europe a vu son nombre de b\u00e9n\u00e9voles augmenter. M.\u00a0McKey, \u00e9galement directeur de l\u2019initiative Implication totale des membres (TMI pour <\/span><i><span style=\"font-weight: 400;\">Total Member Involvement<\/span><\/i><span style=\"font-weight: 400;\">), a rapport\u00e9 que 30\u00a0unions, 38\u00a0pays et 1\u00a0514\u00a0sites seront impliqu\u00e9s. De ces sites, 747 sont sur le territoire de la Division eurasienne et 419 sont sur le territoire de l\u2019Union ukrainienne.<\/span><\/p>\n<p><span style=\"font-weight: 400;\">Ayant pour objectif de soutenir les efforts \u00e9vang\u00e9liques de la r\u00e9gion, 150\u00a0\u00e9vang\u00e9listes internationaux se sont inscrits pour \u00ab\u00a0pr\u00eacher, enseigner et baptiser\u00a0\u00bb. Et leurs efforts seront ajout\u00e9s \u00e0 ceux de centaines de la\u00efcs, de b\u00e9n\u00e9voles locaux et de membres sur les diff\u00e9rents sites, a-t-il expliqu\u00e9.<\/span><\/p>\n<p><span style=\"font-weight: 400;\">Il a remerci\u00e9 Ramon Canals, de l\u2019Association pastorale de la Conf\u00e9rence g\u00e9n\u00e9rale, pour le soutien de son d\u00e9partement et a invit\u00e9 les membres du comit\u00e9 ex\u00e9cutif \u00e0 se joindre \u00e0 cet effort. \u00ab\u00a0Cent cinquante \u00e9vang\u00e9listes ne suffisent pas \u00e0 la t\u00e2che, a-t-il dit. Nous avons besoin de dix autres \u00e9vang\u00e9listes internationaux.\u00a0\u00bb<\/span><\/p>\n<p><span style=\"font-weight: 400;\">\u00ab\u00a0Christ pour l\u2019Europe est l\u2019\u00e9v\u00e9nement \u00e9vang\u00e9lique le plus vaste ayant \u00e9t\u00e9 men\u00e9 en Europe de toute l\u2019histoire de l\u2019\u00c9glise adventiste.\u00a0\u00bb<\/span><\/p>\n<p><span style=\"font-weight: 400;\">Le continent europ\u00e9en comprend trois des 13\u00a0divisions mondiales de l\u2019\u00c9glise adventiste en plus du champ annex\u00e9 de l\u2019Ukraine. Au total, la population europ\u00e9enne compte pr\u00e8s de 447\u00a0millions de personnes, chiffres que font varier les crises, les catastrophes et les agitations politiques qui poussent des gens \u00e0 quitter leur pays pour d\u2019autres territoires. Ces difficult\u00e9s, ajout\u00e9es \u00e0 la culture post-chr\u00e9tienne, augmentent les besoins dans cette r\u00e9gion.<\/span><\/p>\n<p><b>Gagner des \u00e2mes en Europe<\/b><\/p>\n<p><span style=\"font-weight: 400;\">M. McKey a rappel\u00e9 aux membres du comit\u00e9 ex\u00e9cutif et \u00e0 l\u2019auditoire en ligne du monde entier que la Parole de Dieu \u00e9tait au c\u0153ur de Christ pour l\u2019Europe. Il a ouvert son rapport avec les paroles de J\u00e9sus dans Matthieu 4.19 : \u00ab Suivez-moi, et je vous ferai p\u00eacheurs d\u2019hommes. \u00bb Puis, a-t-il ajout\u00e9, \u00ab Suivez [J\u00e9sus], et [il] fera de vous des gagneurs d\u2019\u00e2mes\u2026 [Il] fera de vous des \u00e9vang\u00e9listes. \u00bb<\/span><\/p>\n<p><span style=\"font-weight: 400;\">\u00ab\u00a0Aux disciples, les premi\u00e8res et les derni\u00e8res paroles de J\u00e9sus ont \u00e9t\u00e9 un appel \u00e0 gagner des \u00e2mes, a-t-il dit, et voil\u00e0 l\u2019objectif de Christ pour l\u2019Europe.\u00a0\u00bb<\/span><\/p>\n<p><span style=\"font-weight: 400;\">Il a \u00e9galement confirm\u00e9 que tous les b\u00e9n\u00e9voles qui s\u2019inscrivent pour participer seront outill\u00e9s et form\u00e9s sur place avant le d\u00e9but des pr\u00e9sentations \u00e9vang\u00e9liques. \u00ab\u00a0Douze formateurs de l\u2019AWR et de TMI sont sur place depuis d\u00e9cembre [2022].\u00a0\u00bb<\/span><\/p>\n<p><span style=\"font-weight: 400;\">\u00ab\u00a0Qui devrait y aller? a-t-il demand\u00e9. Tous ceux qui sont aptes et dispos\u00e9s devraient se porter volontaires au projet Christ pour l\u2019Europe. Les \u00e9tudiants au s\u00e9minaire et \u00e0 l\u2019universit\u00e9 sont les bienvenus ainsi que les familles pastorales, les membres d\u2019\u00e9glise et les enseignants, pour ne nommer que ceux-l\u00e0. Tous ceux qui ont un passeport valide sont invit\u00e9s et encourag\u00e9s \u00e0 venir, a-t-il dit. Et si vous n\u2019\u00eates pas en mesure de le faire, alors priez, s\u2019il vous pla\u00eet.\u00a0\u00bb<\/span><\/p>\n<p><span style=\"font-weight: 400;\">Traduction\u00a0: Marie-Mich\u00e8le Robitaille<\/span><\/p>\n","protected":false},"excerpt":{"rendered":"<p>Duane McKey, pr\u00e9sident de l\u2019AWR, lance un appel pour plus de pr\u00e9dicateurs volontaires. Rachel Ashworth, ANN et Adventist Review Ted N.\u00a0C. Wilson, pr\u00e9sident de la Conf\u00e9rence g\u00e9n\u00e9rale et des r\u00e9unions&#8230;<\/p>\n","protected":false},"author":3,"featured_media":97715,"comment_status":"closed","ping_status":"closed","sticky":false,"template":"","format":"standard","meta":{"_acf_changed":false,"footnotes":""},"categories":[18,19],"tags":[],"class_list":["post-97818","post","type-post","status-publish","format-standard","has-post-thumbnail","hentry","category-nouvelles-de-leglise-mondiale","category-rss-francais"],"acf":[],"yoast_head":"<!-- This site is optimized with the Yoast SEO plugin v27.3 - https:\/\/yoast.com\/product\/yoast-seo-wordpress\/ -->\n<title>Les \u00e9vang\u00e9listes internationaux sont invit\u00e9s \u00e0 se joindre au projet \u00ab Christ pour l\u2019Europe \u00bb - \u00c9glise Adventiste Du Septieme Jour - Inter Am\u00e9rique Division<\/title>\n<meta name=\"robots\" content=\"index, follow, max-snippet:-1, max-image-preview:large, max-video-preview:-1\" \/>\n<link rel=\"canonical\" href=\"https:\/\/interamerica.org\/fr\/2023\/04\/les-evangelistes-internationaux-sont-invites-a-se-joindre-au-projet-christ-pour-leurope\/\" \/>\n<meta property=\"og:locale\" content=\"fr_FR\" \/>\n<meta property=\"og:type\" content=\"article\" \/>\n<meta property=\"og:title\" content=\"Les \u00e9vang\u00e9listes internationaux sont invit\u00e9s \u00e0 se joindre au projet \u00ab Christ pour l\u2019Europe \u00bb - \u00c9glise Adventiste Du Septieme Jour - Inter Am\u00e9rique Division\" \/>\n<meta property=\"og:description\" content=\"Duane McKey, pr\u00e9sident de l\u2019AWR, lance un appel pour plus de pr\u00e9dicateurs volontaires. Rachel Ashworth, ANN et Adventist Review Ted N.\u00a0C. Wilson, pr\u00e9sident de la Conf\u00e9rence g\u00e9n\u00e9rale et des r\u00e9unions...\" \/>\n<meta property=\"og:url\" content=\"https:\/\/interamerica.org\/fr\/2023\/04\/les-evangelistes-internationaux-sont-invites-a-se-joindre-au-projet-christ-pour-leurope\/\" \/>\n<meta property=\"og:site_name\" content=\"\u00c9glise Adventiste Du Septieme Jour - Inter Am\u00e9rique Division\" \/>\n<meta property=\"article:published_time\" content=\"2023-04-17T21:04:09+00:00\" \/>\n<meta property=\"article:modified_time\" content=\"2023-04-20T13:35:04+00:00\" \/>\n<meta property=\"og:image\" content=\"https:\/\/interamerica.org\/wp-content\/uploads\/2023\/04\/ame-100117697-20230411-spring-meeting-etm-08-mpr-scaled-1.jpeg\" \/>\n\t<meta property=\"og:image:width\" content=\"2560\" \/>\n\t<meta property=\"og:image:height\" content=\"1441\" \/>\n\t<meta property=\"og:image:type\" content=\"image\/jpeg\" \/>\n<meta name=\"author\" content=\"libna\" \/>\n<meta name=\"twitter:card\" content=\"summary_large_image\" \/>\n<meta name=\"twitter:label1\" content=\"\u00c9crit par\" \/>\n\t<meta name=\"twitter:data1\" content=\"libna\" \/>\n\t<meta name=\"twitter:label2\" content=\"Dur\u00e9e de lecture estim\u00e9e\" \/>\n\t<meta name=\"twitter:data2\" content=\"4 minutes\" \/>\n<script type=\"application\/ld+json\" class=\"yoast-schema-graph\">{\"@context\":\"https:\\\/\\\/schema.org\",\"@graph\":[{\"@type\":\"Article\",\"@id\":\"https:\\\/\\\/interamerica.org\\\/fr\\\/2023\\\/04\\\/les-evangelistes-internationaux-sont-invites-a-se-joindre-au-projet-christ-pour-leurope\\\/#article\",\"isPartOf\":{\"@id\":\"https:\\\/\\\/interamerica.org\\\/fr\\\/2023\\\/04\\\/les-evangelistes-internationaux-sont-invites-a-se-joindre-au-projet-christ-pour-leurope\\\/\"},\"author\":{\"name\":\"libna\",\"@id\":\"https:\\\/\\\/interamerica.org\\\/fr\\\/#\\\/schema\\\/person\\\/29998f2bc2d8bd0d38662909289b54f1\"},\"headline\":\"Les \u00e9vang\u00e9listes internationaux sont invit\u00e9s \u00e0 se joindre au projet \u00ab Christ pour l\u2019Europe \u00bb\",\"datePublished\":\"2023-04-17T21:04:09+00:00\",\"dateModified\":\"2023-04-20T13:35:04+00:00\",\"mainEntityOfPage\":{\"@id\":\"https:\\\/\\\/interamerica.org\\\/fr\\\/2023\\\/04\\\/les-evangelistes-internationaux-sont-invites-a-se-joindre-au-projet-christ-pour-leurope\\\/\"},\"wordCount\":780,\"image\":{\"@id\":\"https:\\\/\\\/interamerica.org\\\/fr\\\/2023\\\/04\\\/les-evangelistes-internationaux-sont-invites-a-se-joindre-au-projet-christ-pour-leurope\\\/#primaryimage\"},\"thumbnailUrl\":\"https:\\\/\\\/interamerica.org\\\/wp-content\\\/uploads\\\/2023\\\/04\\\/ame-100117697-20230411-spring-meeting-etm-08-mpr-scaled-1.jpeg\",\"articleSection\":[\"Nouvelles de l'\u00c9glise mondiale\",\"RSS Fran\u00e7ais\"],\"inLanguage\":\"fr-FR\"},{\"@type\":\"WebPage\",\"@id\":\"https:\\\/\\\/interamerica.org\\\/fr\\\/2023\\\/04\\\/les-evangelistes-internationaux-sont-invites-a-se-joindre-au-projet-christ-pour-leurope\\\/\",\"url\":\"https:\\\/\\\/interamerica.org\\\/fr\\\/2023\\\/04\\\/les-evangelistes-internationaux-sont-invites-a-se-joindre-au-projet-christ-pour-leurope\\\/\",\"name\":\"Les \u00e9vang\u00e9listes internationaux sont invit\u00e9s \u00e0 se joindre au projet \u00ab Christ pour l\u2019Europe \u00bb - \u00c9glise Adventiste Du Septieme Jour - Inter Am\u00e9rique Division\",\"isPartOf\":{\"@id\":\"https:\\\/\\\/interamerica.org\\\/fr\\\/#website\"},\"primaryImageOfPage\":{\"@id\":\"https:\\\/\\\/interamerica.org\\\/fr\\\/2023\\\/04\\\/les-evangelistes-internationaux-sont-invites-a-se-joindre-au-projet-christ-pour-leurope\\\/#primaryimage\"},\"image\":{\"@id\":\"https:\\\/\\\/interamerica.org\\\/fr\\\/2023\\\/04\\\/les-evangelistes-internationaux-sont-invites-a-se-joindre-au-projet-christ-pour-leurope\\\/#primaryimage\"},\"thumbnailUrl\":\"https:\\\/\\\/interamerica.org\\\/wp-content\\\/uploads\\\/2023\\\/04\\\/ame-100117697-20230411-spring-meeting-etm-08-mpr-scaled-1.jpeg\",\"datePublished\":\"2023-04-17T21:04:09+00:00\",\"dateModified\":\"2023-04-20T13:35:04+00:00\",\"author\":{\"@id\":\"https:\\\/\\\/interamerica.org\\\/fr\\\/#\\\/schema\\\/person\\\/29998f2bc2d8bd0d38662909289b54f1\"},\"breadcrumb\":{\"@id\":\"https:\\\/\\\/interamerica.org\\\/fr\\\/2023\\\/04\\\/les-evangelistes-internationaux-sont-invites-a-se-joindre-au-projet-christ-pour-leurope\\\/#breadcrumb\"},\"inLanguage\":\"fr-FR\",\"potentialAction\":[{\"@type\":\"ReadAction\",\"target\":[\"https:\\\/\\\/interamerica.org\\\/fr\\\/2023\\\/04\\\/les-evangelistes-internationaux-sont-invites-a-se-joindre-au-projet-christ-pour-leurope\\\/\"]}]},{\"@type\":\"ImageObject\",\"inLanguage\":\"fr-FR\",\"@id\":\"https:\\\/\\\/interamerica.org\\\/fr\\\/2023\\\/04\\\/les-evangelistes-internationaux-sont-invites-a-se-joindre-au-projet-christ-pour-leurope\\\/#primaryimage\",\"url\":\"https:\\\/\\\/interamerica.org\\\/wp-content\\\/uploads\\\/2023\\\/04\\\/ame-100117697-20230411-spring-meeting-etm-08-mpr-scaled-1.jpeg\",\"contentUrl\":\"https:\\\/\\\/interamerica.org\\\/wp-content\\\/uploads\\\/2023\\\/04\\\/ame-100117697-20230411-spring-meeting-etm-08-mpr-scaled-1.jpeg\",\"width\":2560,\"height\":1441,\"caption\":\"Duane McKey, Adventist World Radio president, presents during the 2023 Spring Meeting on April 11, 2023 at the General Conference, Silver Spring, Maryland, USA.\"},{\"@type\":\"BreadcrumbList\",\"@id\":\"https:\\\/\\\/interamerica.org\\\/fr\\\/2023\\\/04\\\/les-evangelistes-internationaux-sont-invites-a-se-joindre-au-projet-christ-pour-leurope\\\/#breadcrumb\",\"itemListElement\":[{\"@type\":\"ListItem\",\"position\":1,\"name\":\"Home\",\"item\":\"https:\\\/\\\/interamerica.org\\\/fr\\\/\"},{\"@type\":\"ListItem\",\"position\":2,\"name\":\"Les \u00e9vang\u00e9listes internationaux sont invit\u00e9s \u00e0 se joindre au projet \u00ab Christ pour l\u2019Europe \u00bb\"}]},{\"@type\":\"WebSite\",\"@id\":\"https:\\\/\\\/interamerica.org\\\/fr\\\/#website\",\"url\":\"https:\\\/\\\/interamerica.org\\\/fr\\\/\",\"name\":\"\u00c9glise Adventiste Du Septieme Jour - Inter Am\u00e9rique Division\",\"description\":\"\",\"potentialAction\":[{\"@type\":\"SearchAction\",\"target\":{\"@type\":\"EntryPoint\",\"urlTemplate\":\"https:\\\/\\\/interamerica.org\\\/fr\\\/?s={search_term_string}\"},\"query-input\":{\"@type\":\"PropertyValueSpecification\",\"valueRequired\":true,\"valueName\":\"search_term_string\"}}],\"inLanguage\":\"fr-FR\"},{\"@type\":\"Person\",\"@id\":\"https:\\\/\\\/interamerica.org\\\/fr\\\/#\\\/schema\\\/person\\\/29998f2bc2d8bd0d38662909289b54f1\",\"name\":\"libna\",\"image\":{\"@type\":\"ImageObject\",\"inLanguage\":\"fr-FR\",\"@id\":\"https:\\\/\\\/secure.gravatar.com\\\/avatar\\\/7c5bd30ae4b47a9ba3c856590957fd1d96dc588bf3ac05719d247e126840331f?s=96&d=mm&r=g\",\"url\":\"https:\\\/\\\/secure.gravatar.com\\\/avatar\\\/7c5bd30ae4b47a9ba3c856590957fd1d96dc588bf3ac05719d247e126840331f?s=96&d=mm&r=g\",\"contentUrl\":\"https:\\\/\\\/secure.gravatar.com\\\/avatar\\\/7c5bd30ae4b47a9ba3c856590957fd1d96dc588bf3ac05719d247e126840331f?s=96&d=mm&r=g\",\"caption\":\"libna\"}}]}<\/script>\n<!-- \/ Yoast SEO plugin. -->","yoast_head_json":{"title":"Les \u00e9vang\u00e9listes internationaux sont invit\u00e9s \u00e0 se joindre au projet \u00ab Christ pour l\u2019Europe \u00bb - \u00c9glise Adventiste Du Septieme Jour - Inter Am\u00e9rique Division","robots":{"index":"index","follow":"follow","max-snippet":"max-snippet:-1","max-image-preview":"max-image-preview:large","max-video-preview":"max-video-preview:-1"},"canonical":"https:\/\/interamerica.org\/fr\/2023\/04\/les-evangelistes-internationaux-sont-invites-a-se-joindre-au-projet-christ-pour-leurope\/","og_locale":"fr_FR","og_type":"article","og_title":"Les \u00e9vang\u00e9listes internationaux sont invit\u00e9s \u00e0 se joindre au projet \u00ab Christ pour l\u2019Europe \u00bb - \u00c9glise Adventiste Du Septieme Jour - Inter Am\u00e9rique Division","og_description":"Duane McKey, pr\u00e9sident de l\u2019AWR, lance un appel pour plus de pr\u00e9dicateurs volontaires. Rachel Ashworth, ANN et Adventist Review Ted N.\u00a0C. Wilson, pr\u00e9sident de la Conf\u00e9rence g\u00e9n\u00e9rale et des r\u00e9unions...","og_url":"https:\/\/interamerica.org\/fr\/2023\/04\/les-evangelistes-internationaux-sont-invites-a-se-joindre-au-projet-christ-pour-leurope\/","og_site_name":"\u00c9glise Adventiste Du Septieme Jour - Inter Am\u00e9rique Division","article_published_time":"2023-04-17T21:04:09+00:00","article_modified_time":"2023-04-20T13:35:04+00:00","og_image":[{"width":2560,"height":1441,"url":"https:\/\/interamerica.org\/wp-content\/uploads\/2023\/04\/ame-100117697-20230411-spring-meeting-etm-08-mpr-scaled-1.jpeg","type":"image\/jpeg"}],"author":"libna","twitter_card":"summary_large_image","twitter_misc":{"\u00c9crit par":"libna","Dur\u00e9e de lecture estim\u00e9e":"4 minutes"},"schema":{"@context":"https:\/\/schema.org","@graph":[{"@type":"Article","@id":"https:\/\/interamerica.org\/fr\/2023\/04\/les-evangelistes-internationaux-sont-invites-a-se-joindre-au-projet-christ-pour-leurope\/#article","isPartOf":{"@id":"https:\/\/interamerica.org\/fr\/2023\/04\/les-evangelistes-internationaux-sont-invites-a-se-joindre-au-projet-christ-pour-leurope\/"},"author":{"name":"libna","@id":"https:\/\/interamerica.org\/fr\/#\/schema\/person\/29998f2bc2d8bd0d38662909289b54f1"},"headline":"Les \u00e9vang\u00e9listes internationaux sont invit\u00e9s \u00e0 se joindre au projet \u00ab Christ pour l\u2019Europe \u00bb","datePublished":"2023-04-17T21:04:09+00:00","dateModified":"2023-04-20T13:35:04+00:00","mainEntityOfPage":{"@id":"https:\/\/interamerica.org\/fr\/2023\/04\/les-evangelistes-internationaux-sont-invites-a-se-joindre-au-projet-christ-pour-leurope\/"},"wordCount":780,"image":{"@id":"https:\/\/interamerica.org\/fr\/2023\/04\/les-evangelistes-internationaux-sont-invites-a-se-joindre-au-projet-christ-pour-leurope\/#primaryimage"},"thumbnailUrl":"https:\/\/interamerica.org\/wp-content\/uploads\/2023\/04\/ame-100117697-20230411-spring-meeting-etm-08-mpr-scaled-1.jpeg","articleSection":["Nouvelles de l'\u00c9glise mondiale","RSS Fran\u00e7ais"],"inLanguage":"fr-FR"},{"@type":"WebPage","@id":"https:\/\/interamerica.org\/fr\/2023\/04\/les-evangelistes-internationaux-sont-invites-a-se-joindre-au-projet-christ-pour-leurope\/","url":"https:\/\/interamerica.org\/fr\/2023\/04\/les-evangelistes-internationaux-sont-invites-a-se-joindre-au-projet-christ-pour-leurope\/","name":"Les \u00e9vang\u00e9listes internationaux sont invit\u00e9s \u00e0 se joindre au projet \u00ab Christ pour l\u2019Europe \u00bb - \u00c9glise Adventiste Du Septieme Jour - Inter Am\u00e9rique Division","isPartOf":{"@id":"https:\/\/interamerica.org\/fr\/#website"},"primaryImageOfPage":{"@id":"https:\/\/interamerica.org\/fr\/2023\/04\/les-evangelistes-internationaux-sont-invites-a-se-joindre-au-projet-christ-pour-leurope\/#primaryimage"},"image":{"@id":"https:\/\/interamerica.org\/fr\/2023\/04\/les-evangelistes-internationaux-sont-invites-a-se-joindre-au-projet-christ-pour-leurope\/#primaryimage"},"thumbnailUrl":"https:\/\/interamerica.org\/wp-content\/uploads\/2023\/04\/ame-100117697-20230411-spring-meeting-etm-08-mpr-scaled-1.jpeg","datePublished":"2023-04-17T21:04:09+00:00","dateModified":"2023-04-20T13:35:04+00:00","author":{"@id":"https:\/\/interamerica.org\/fr\/#\/schema\/person\/29998f2bc2d8bd0d38662909289b54f1"},"breadcrumb":{"@id":"https:\/\/interamerica.org\/fr\/2023\/04\/les-evangelistes-internationaux-sont-invites-a-se-joindre-au-projet-christ-pour-leurope\/#breadcrumb"},"inLanguage":"fr-FR","potentialAction":[{"@type":"ReadAction","target":["https:\/\/interamerica.org\/fr\/2023\/04\/les-evangelistes-internationaux-sont-invites-a-se-joindre-au-projet-christ-pour-leurope\/"]}]},{"@type":"ImageObject","inLanguage":"fr-FR","@id":"https:\/\/interamerica.org\/fr\/2023\/04\/les-evangelistes-internationaux-sont-invites-a-se-joindre-au-projet-christ-pour-leurope\/#primaryimage","url":"https:\/\/interamerica.org\/wp-content\/uploads\/2023\/04\/ame-100117697-20230411-spring-meeting-etm-08-mpr-scaled-1.jpeg","contentUrl":"https:\/\/interamerica.org\/wp-content\/uploads\/2023\/04\/ame-100117697-20230411-spring-meeting-etm-08-mpr-scaled-1.jpeg","width":2560,"height":1441,"caption":"Duane McKey, Adventist World Radio president, presents during the 2023 Spring Meeting on April 11, 2023 at the General Conference, Silver Spring, Maryland, USA."},{"@type":"BreadcrumbList","@id":"https:\/\/interamerica.org\/fr\/2023\/04\/les-evangelistes-internationaux-sont-invites-a-se-joindre-au-projet-christ-pour-leurope\/#breadcrumb","itemListElement":[{"@type":"ListItem","position":1,"name":"Home","item":"https:\/\/interamerica.org\/fr\/"},{"@type":"ListItem","position":2,"name":"Les \u00e9vang\u00e9listes internationaux sont invit\u00e9s \u00e0 se joindre au projet \u00ab Christ pour l\u2019Europe \u00bb"}]},{"@type":"WebSite","@id":"https:\/\/interamerica.org\/fr\/#website","url":"https:\/\/interamerica.org\/fr\/","name":"\u00c9glise Adventiste Du Septieme Jour - Inter Am\u00e9rique Division","description":"","potentialAction":[{"@type":"SearchAction","target":{"@type":"EntryPoint","urlTemplate":"https:\/\/interamerica.org\/fr\/?s={search_term_string}"},"query-input":{"@type":"PropertyValueSpecification","valueRequired":true,"valueName":"search_term_string"}}],"inLanguage":"fr-FR"},{"@type":"Person","@id":"https:\/\/interamerica.org\/fr\/#\/schema\/person\/29998f2bc2d8bd0d38662909289b54f1","name":"libna","image":{"@type":"ImageObject","inLanguage":"fr-FR","@id":"https:\/\/secure.gravatar.com\/avatar\/7c5bd30ae4b47a9ba3c856590957fd1d96dc588bf3ac05719d247e126840331f?s=96&d=mm&r=g","url":"https:\/\/secure.gravatar.com\/avatar\/7c5bd30ae4b47a9ba3c856590957fd1d96dc588bf3ac05719d247e126840331f?s=96&d=mm&r=g","contentUrl":"https:\/\/secure.gravatar.com\/avatar\/7c5bd30ae4b47a9ba3c856590957fd1d96dc588bf3ac05719d247e126840331f?s=96&d=mm&r=g","caption":"libna"}}]}},"_links":{"self":[{"href":"https:\/\/interamerica.org\/fr\/wp-json\/wp\/v2\/posts\/97818","targetHints":{"allow":["GET"]}}],"collection":[{"href":"https:\/\/interamerica.org\/fr\/wp-json\/wp\/v2\/posts"}],"about":[{"href":"https:\/\/interamerica.org\/fr\/wp-json\/wp\/v2\/types\/post"}],"author":[{"embeddable":true,"href":"https:\/\/interamerica.org\/fr\/wp-json\/wp\/v2\/users\/3"}],"replies":[{"embeddable":true,"href":"https:\/\/interamerica.org\/fr\/wp-json\/wp\/v2\/comments?post=97818"}],"version-history":[{"count":0,"href":"https:\/\/interamerica.org\/fr\/wp-json\/wp\/v2\/posts\/97818\/revisions"}],"wp:featuredmedia":[{"embeddable":true,"href":"https:\/\/interamerica.org\/fr\/wp-json\/wp\/v2\/media\/97715"}],"wp:attachment":[{"href":"https:\/\/interamerica.org\/fr\/wp-json\/wp\/v2\/media?parent=97818"}],"wp:term":[{"taxonomy":"category","embeddable":true,"href":"https:\/\/interamerica.org\/fr\/wp-json\/wp\/v2\/categories?post=97818"},{"taxonomy":"post_tag","embeddable":true,"href":"https:\/\/interamerica.org\/fr\/wp-json\/wp\/v2\/tags?post=97818"}],"curies":[{"name":"wp","href":"https:\/\/api.w.org\/{rel}","templated":true}]}}