{"id":98662,"date":"2023-05-09T21:31:57","date_gmt":"2023-05-10T01:31:57","guid":{"rendered":"https:\/\/interamerica.org\/?p=98662"},"modified":"2023-05-10T10:03:42","modified_gmt":"2023-05-10T14:03:42","slug":"les-conseils-dadministration-des-institutions-presentent-leurs-rapports-sur-la-croissance-et-les-plans-de-developpement","status":"publish","type":"post","link":"https:\/\/interamerica.org\/fr\/2023\/05\/les-conseils-dadministration-des-institutions-presentent-leurs-rapports-sur-la-croissance-et-les-plans-de-developpement\/","title":{"rendered":"Les conseils d\u2019administration des institutions pr\u00e9sentent leurs rapports sur la croissance et les plans de d\u00e9veloppement"},"content":{"rendered":"<p><div id=\"attachment_98624\" style=\"width: 880px\" class=\"wp-caption aligncenter\"><img fetchpriority=\"high\" decoding=\"async\" aria-describedby=\"caption-attachment-98624\" class=\" wp-image-98623\" src=\"https:\/\/interamerica.org\/wp-content\/uploads\/2023\/05\/efrain-velazquez-iats-mym23.jpg\" alt=\"\" width=\"870\" height=\"580\" srcset=\"https:\/\/interamerica.org\/wp-content\/uploads\/2023\/05\/efrain-velazquez-iats-mym23.jpg 1000w, https:\/\/interamerica.org\/wp-content\/uploads\/2023\/05\/efrain-velazquez-iats-mym23-300x200.jpg 300w, https:\/\/interamerica.org\/wp-content\/uploads\/2023\/05\/efrain-velazquez-iats-mym23-768x512.jpg 768w\" sizes=\"(max-width: 870px) 100vw, 870px\" \/><p id=\"caption-attachment-98624\" class=\"wp-caption-text\">Efra\u00edn Vel\u00e1zquez (\u00e0 droite), pr\u00e9sident du S\u00e9minaire Th\u00e9ologique Adventiste Interam\u00e9ricain, s\u2019adresse aux membres du conseil d\u2019administration lors d\u2019une rencontre administrative qui s\u2019est tenue \u00e0 Miami, en Floride, aux \u00c9tats-Unis, le 2 mai 2023, tandis que pasteur Elie Henry, pr\u00e9sident de la Division Inter Am\u00e9ricaine et pr\u00e9sident du conseil d\u2019administration \u00e9coute et parcourt les documents. [Photo : Keila Trejo\/DIA]<\/p><\/div>9 Mai 2023 | Miami, Floride, \u00c9tats-Unis | Libna Stevens, Actualit\u00e9s de la Division Inter Am\u00e9ricaine<\/p>\n<p>Deux conseils d\u2019administration d\u2019institutions supervis\u00e9s par l\u2019\u00c9glise adventiste du septi\u00e8me jour dans la Division Inter Am\u00e9ricaine (DIA) ont r\u00e9cemment pr\u00e9sent\u00e9 des rapports sur le d\u00e9veloppement, les progr\u00e8s financiers et les plans pour les ann\u00e9es \u00e0 venir. Les membres se sont r\u00e9unis pour le conseil d\u2019administration du S\u00e9minaire Th\u00e9ologique Adventiste Interam\u00e9ricain (SETAI) et le Conseil de l\u2019Enseignement Sup\u00e9rieur les 2 et 3 mai 2023, respectivement, lors des rencontres de Milieu d\u2019Ann\u00e9e du Comit\u00e9 Ex\u00e9cutif de la DIA qui se sont tenues \u00e0 Miami, en Floride, aux \u00c9tats-Unis.<\/p>\n<p><strong>SETAI<\/strong><\/p>\n<p>Dr Efrain Vel\u00e1zquez, pr\u00e9sident du <a href=\"http:\/\/setai.edu\/\">SETAI<\/a> et secr\u00e9taire du conseil d\u2019administration, a d\u00e9but\u00e9 les rencontres en \u00e9non\u00e7ant la mission et la vision du s\u00e9minaire. \u00ab Le SETAI est sp\u00e9cialis\u00e9 dans la formation th\u00e9ologique des leaders missionnaires dans un environnement cr\u00e9atif et universitaire pour l\u2019\u00c9glise, principalement dans les Am\u00e9riques, \u00bb a-t-il d\u00e9clar\u00e9. \u00ab Le s\u00e9minaire sert une communaut\u00e9 de leaders de diverses cultures et ethnies dans leurs propres contextes culturels et nationaux. Les dipl\u00f4m\u00e9s du SETAI m\u00e8nent une vie de t\u00e9moignage et de service. Ils exercent un minist\u00e8re, proclament l\u2019esp\u00e9rance et font des disciples dans les communaut\u00e9s en se basant sur des fondements scripturaires. \u00bb<\/p>\n<p><div id=\"attachment_98627\" style=\"width: 851px\" class=\"wp-caption aligncenter\"><img decoding=\"async\" aria-describedby=\"caption-attachment-98627\" class=\" wp-image-98626\" src=\"https:\/\/interamerica.org\/wp-content\/uploads\/2023\/05\/abilio-cima-iats-mym23.jpg\" alt=\"\" width=\"841\" height=\"538\" srcset=\"https:\/\/interamerica.org\/wp-content\/uploads\/2023\/05\/abilio-cima-iats-mym23.jpg 1000w, https:\/\/interamerica.org\/wp-content\/uploads\/2023\/05\/abilio-cima-iats-mym23-300x192.jpg 300w, https:\/\/interamerica.org\/wp-content\/uploads\/2023\/05\/abilio-cima-iats-mym23-768x492.jpg 768w\" sizes=\"(max-width: 841px) 100vw, 841px\" \/><p id=\"caption-attachment-98627\" class=\"wp-caption-text\">Abilio Cima, sous-tr\u00e9sorier de la DIA et vice-pr\u00e9sident en charge des finances pour le SETAI, lors de son rapport financier pr\u00e9sent\u00e9 aux membres du conseil d&rsquo;administration le 2 mai 2023. [Photo : Keila Trejo\/DIA]<\/p><\/div>Les membres du conseil d\u2019administration ont re\u00e7u des informations sur les visites de s\u00e9minaires \u00e0 travers le territoire, sur les ressources bibliques disponibles, sur les conf\u00e9rences pastorales et les programmes organis\u00e9s en personne et en ligne au cours de l\u2019ann\u00e9e et pr\u00e9vus pour les mois \u00e0 venir.<\/p>\n<p>Le SETAI, qui propose des dipl\u00f4mes de ma\u00eetrise et de doctorat aux pasteurs de la DIA, a indiqu\u00e9 qu\u2019en 2023, il y a 507 \u00e9tudiants inscrits. La plupart des \u00e9tudiants sont inscrits \u00e0 l\u2019Universit\u00e9 de Montemorelos, en deuxi\u00e8me position il y a l\u2019Universit\u00e9 Adventiste d\u2019Am\u00e9rique Centrale suivie de l\u2019Universit\u00e9 Adventiste des Antilles.<\/p>\n<p>Les dirigeants du SETAI ont indiqu\u00e9 qu\u2019ils r\u00e9visaient le programme d\u2019\u00e9tude pour qu\u2019il soit davantage bas\u00e9 sur la mission et la vision du s\u00e9minaire, sur le profil des dipl\u00f4m\u00e9s et sur les objectifs du programme. De plus, le s\u00e9minaire pr\u00e9voit de travailler sur un projet sp\u00e9cial pour avoir une base de donn\u00e9es unifi\u00e9e des programmes, de modifier le processus d\u2019\u00e9laboration de chaque cours, et aussi de mettre \u00e0 jour les processus d\u2019\u00e9valuation.<\/p>\n<p><div id=\"attachment_98618\" style=\"width: 895px\" class=\"wp-caption aligncenter\"><img decoding=\"async\" aria-describedby=\"caption-attachment-98618\" class=\" wp-image-98617\" src=\"https:\/\/interamerica.org\/wp-content\/uploads\/2023\/05\/jorge-torreblanca-iats-mym23.jpg\" alt=\"\" width=\"885\" height=\"553\" srcset=\"https:\/\/interamerica.org\/wp-content\/uploads\/2023\/05\/jorge-torreblanca-iats-mym23.jpg 1000w, https:\/\/interamerica.org\/wp-content\/uploads\/2023\/05\/jorge-torreblanca-iats-mym23-300x188.jpg 300w, https:\/\/interamerica.org\/wp-content\/uploads\/2023\/05\/jorge-torreblanca-iats-mym23-768x480.jpg 768w\" sizes=\"(max-width: 885px) 100vw, 885px\" \/><p id=\"caption-attachment-98618\" class=\"wp-caption-text\">Pasteur Elie Henry (\u00e0 droite) remet le Prix d\u2019Excellence Angel Manuel Rodr\u00edguez \u00e0 Jorge Torreblanca (\u00e0 gauche) pour son engagement et son service au SETAI au cours des 13 derni\u00e8res ann\u00e9es, alors que pasteur Efra\u00edn Vel\u00e1zquez (au centre) observe. [Photo : Keila Trejo\/DIA]<\/p><\/div><br \/>\nDans son rapport au conseil d\u2019administration du SETAI, Abilio Cima, sous-tr\u00e9sorier de la DIA et vice-pr\u00e9sident par int\u00e9rim des finances au SETAI, a indiqu\u00e9 que les finances de cette ann\u00e9e en avril, par rapport \u00e0 avril 2022, montrent une am\u00e9lioration r\u00e9guli\u00e8re. \u00ab Nous louons Dieu pour la situation financi\u00e8re du SETAI et le soutien des unions et des champs locaux afin de continuer \u00e0 utiliser les ressources de la division pour la mission de l\u2019\u00e9glise et revenir vers vous, \u00bb a dit Abilio Cima. De plus, Abilio Cima a indiqu\u00e9 que 67 pour cent du budget cumul\u00e9 pour l\u2019ann\u00e9e ont \u00e9t\u00e9 utilis\u00e9s, \u00ab ce qui signifie que nous d\u00e9pensons moins, \u00bb a-t-il d\u00e9clar\u00e9.<\/p>\n<p>Les membres du conseil d\u2019administration ont \u00e9galement re\u00e7u des informations sur les strat\u00e9gies et sur la prochaine \u00e9valuation sur l\u2019efficacit\u00e9 des programmes, sur leurs cours \u00e0 distance et sur les am\u00e9liorations technologiques personnelles pour les professeurs et les \u00e9tudiants.<\/p>\n<p>Le conseil d\u2019administration du SETAI a \u00e9galement vot\u00e9 de d\u00e9cerner le <em>Prix d\u2019Excellence Angel Manuel Rodriguez<\/em> \u00e0 Jorge Torreblanca, qui prend sa retraite apr\u00e8s avoir servi au SETAI pendant 13 ans. Jorge Torreblanca a \u00e9t\u00e9 professeur de th\u00e9ologie, coordinateur du programme de doctorat et r\u00e9dacteur en chef du magazine TeoBiblica, entre autres responsabilit\u00e9s.<\/p>\n<p><div id=\"attachment_98639\" style=\"width: 905px\" class=\"wp-caption aligncenter\"><img loading=\"lazy\" decoding=\"async\" aria-describedby=\"caption-attachment-98639\" class=\" wp-image-98640\" src=\"https:\/\/interamerica.org\/wp-content\/uploads\/2023\/05\/faye-patterson-mym23.jpg\" alt=\"\" width=\"895\" height=\"597\" srcset=\"https:\/\/interamerica.org\/wp-content\/uploads\/2023\/05\/faye-patterson-mym23.jpg 1000w, https:\/\/interamerica.org\/wp-content\/uploads\/2023\/05\/faye-patterson-mym23-300x200.jpg 300w, https:\/\/interamerica.org\/wp-content\/uploads\/2023\/05\/faye-patterson-mym23-768x512.jpg 768w\" sizes=\"(max-width: 895px) 100vw, 895px\" \/><p id=\"caption-attachment-98639\" class=\"wp-caption-text\">Le 3 mai, 2023, Faye Patterson (\u00e0 gauche), directrice de l\u2019\u00e9ducation de la DIA pr\u00e9sente un rapport aux membres du conseil d\u2019administration sur les progr\u00e8s du Syst\u00e8me \u00c9ducatif Adventiste dans l\u2019ensemble du territoire aux c\u00f4t\u00e9s de pasteur Leonard Johnson (\u00e0 droite), secr\u00e9taire ex\u00e9cutif de la DIA et pr\u00e9sident du conseil de l\u2019\u00c9ducation et de l\u2019Enseignement Sup\u00e9rieur. [Photo : Keila Trejo\/DIA]<\/p><\/div><strong>Conseil de l\u2019\u00c9ducation et de l\u2019Enseignement Sup\u00e9rieur <\/strong><\/p>\n<p>Au d\u00e9but de son rapport sur l\u2019\u00e9ducation adventiste devant le conseil d\u2019administration, Dr Fay Patterson, directrice de l\u2019\u00e9ducation de la DIA, a commenc\u00e9 en d\u00e9clarant que l\u2019\u00e9glise continue de g\u00e9rer 910 \u00e9coles maternelles, primaires et secondaires qui comptaient 156263 \u00e9l\u00e8ves en 2022, un chiffre en augmentation par rapport aux 112824 \u00e9tudiants inscrits en 2021. Dans les universit\u00e9s et les s\u00e9minaires, il y avait 20119 \u00e9tudiants inscrits dans les 13 universit\u00e9s, une diff\u00e9rence par rapport \u00e0 2021 o\u00f9 on d\u00e9nombrait 16364 \u00e9tudiants.<\/p>\n<p>Les chiffres sont positifs depuis avant la pand\u00e9mie, a d\u00e9clar\u00e9 Dr Patterson. \u00ab M\u00eame au milieu des d\u00e9fis, nos \u00e9coles et nos universit\u00e9s se sont d\u00e9velopp\u00e9es. \u00bb<\/p>\n<p>Au niveau des inscriptions dans les \u00e9coles adventistes de la maternelle \u00e0 la terminale on notait une moyenne de 42 pour cent d\u2019\u00e9tudiants adventistes contre 58 pour cent de non-adventistes fr\u00e9quentant le syst\u00e8me \u00e9ducatif. Dans les universit\u00e9s on retrouvait une moyenne de 63 pour cent d\u2019adventistes inscrits.<\/p>\n<p><div id=\"attachment_98636\" style=\"width: 905px\" class=\"wp-caption aligncenter\"><img loading=\"lazy\" decoding=\"async\" aria-describedby=\"caption-attachment-98636\" class=\" wp-image-98635\" src=\"https:\/\/interamerica.org\/wp-content\/uploads\/2023\/05\/students-mym23.png\" alt=\"\" width=\"895\" height=\"538\" srcset=\"https:\/\/interamerica.org\/wp-content\/uploads\/2023\/05\/students-mym23.png 1000w, https:\/\/interamerica.org\/wp-content\/uploads\/2023\/05\/students-mym23-300x180.png 300w, https:\/\/interamerica.org\/wp-content\/uploads\/2023\/05\/students-mym23-768x462.png 768w\" sizes=\"(max-width: 895px) 100vw, 895px\" \/><p id=\"caption-attachment-98636\" class=\"wp-caption-text\">Statistiques sur le nombre d\u2019\u00e9tudiants inscrits dans les \u00e9coles adventistes dans toute la DIA de 2019 \u00e0 2022. [Image : Capture d\u2019\u00e9cran DIA]<\/p><\/div>Dr Patterson a indiqu\u00e9 qu\u2019il y a eu 981 bapt\u00eames parmi les \u00e9l\u00e8ves toutes \u00e9coles confondues. \u00ab Nous connaissons une croissance et nous avons des enseignants, des aum\u00f4niers et des directeurs qui font leur travail pour accomplir la mission. \u00bb<\/p>\n<p>De plus, elle a d\u00e9clar\u00e9 que 66 pour cent des \u00e9coles secondaires sont accr\u00e9dit\u00e9es et que 98 pour cent des \u00e9coles sup\u00e9rieures sont accr\u00e9dit\u00e9es.<\/p>\n<p>Parmi les nombreuses initiatives lanc\u00e9es en 2022 il y a eu un r\u00e9cent symposium sur le leadership pour les enseignants et les \u00e9ducateurs, une conf\u00e9rence internationale sur la recherche, des formations pour certification et plus encore.<\/p>\n<p><div id=\"attachment_98633\" style=\"width: 878px\" class=\"wp-caption aligncenter\"><img loading=\"lazy\" decoding=\"async\" aria-describedby=\"caption-attachment-98633\" class=\" wp-image-98632\" src=\"https:\/\/interamerica.org\/wp-content\/uploads\/2023\/05\/baptims-in-schools-mym23.png\" alt=\"\" width=\"868\" height=\"499\" srcset=\"https:\/\/interamerica.org\/wp-content\/uploads\/2023\/05\/baptims-in-schools-mym23.png 1000w, https:\/\/interamerica.org\/wp-content\/uploads\/2023\/05\/baptims-in-schools-mym23-300x173.png 300w, https:\/\/interamerica.org\/wp-content\/uploads\/2023\/05\/baptims-in-schools-mym23-768x442.png 768w\" sizes=\"(max-width: 868px) 100vw, 868px\" \/><p id=\"caption-attachment-98633\" class=\"wp-caption-text\">Pr\u00e8s de 1000 \u00e9tudiants ont \u00e9t\u00e9 baptis\u00e9s et sont devenus membres de l\u2019\u00c9glise adventiste du septi\u00e8me jour dans tout le syst\u00e8me \u00e9ducatif adventiste de la DIA. [Image : Capture d\u2019\u00e9cran DIA]<\/p><\/div>Les membres du conseil d\u2019administration ont vot\u00e9 d\u2019incorporer deux \u00e9coles dans le syst\u00e8me \u00e9ducatif adventiste de l\u2019Union Centram\u00e9ricaine du Sud et de l\u2019Union Nord-Colombienne. De plus, les membres du conseil ont vot\u00e9 un calendrier des \u00e9valuations \u00e0 venir pour des dizaines d\u2019\u00e9coles secondaires entre 2024 et 2028.<\/p>\n<p>Deux nouveaux programmes ont \u00e9t\u00e9 approuv\u00e9s dans deux universit\u00e9s adventistes, dont une ma\u00eetrise en sciences infirmi\u00e8res \u00e0 l\u2019Universit\u00e9 du Nord de la Cara\u00efbe en Jama\u00efque et deux licences, une en nutrition et di\u00e9t\u00e9tique, et une autre en sciences infirmi\u00e8res \u00e0 l\u2019Universit\u00e9 du Sud de la Cara\u00efbe \u00e0 Trinidad.<\/p>\n<p>Traduction: Patrick Luciathe<\/p>\n","protected":false},"excerpt":{"rendered":"<p>9 Mai 2023 | Miami, Floride, \u00c9tats-Unis | Libna Stevens, Actualit\u00e9s de la Division Inter Am\u00e9ricaine Deux conseils d\u2019administration d\u2019institutions supervis\u00e9s par l\u2019\u00c9glise adventiste du septi\u00e8me jour dans la Division&#8230;<\/p>\n","protected":false},"author":3,"featured_media":98624,"comment_status":"closed","ping_status":"closed","sticky":false,"template":"","format":"standard","meta":{"_acf_changed":false,"footnotes":""},"categories":[20,19],"tags":[],"class_list":["post-98662","post","type-post","status-publish","format-standard","has-post-thumbnail","hentry","category-nouvelles-du-siege-de-la-division","category-rss-francais"],"acf":[],"yoast_head":"<!-- This site is optimized with the Yoast SEO plugin v27.3 - https:\/\/yoast.com\/product\/yoast-seo-wordpress\/ -->\n<title>Les conseils d\u2019administration des institutions pr\u00e9sentent leurs rapports sur la croissance et les plans de d\u00e9veloppement - \u00c9glise Adventiste Du Septieme Jour - Inter Am\u00e9rique Division<\/title>\n<meta name=\"robots\" content=\"index, follow, max-snippet:-1, max-image-preview:large, max-video-preview:-1\" \/>\n<link rel=\"canonical\" href=\"https:\/\/interamerica.org\/fr\/2023\/05\/les-conseils-dadministration-des-institutions-presentent-leurs-rapports-sur-la-croissance-et-les-plans-de-developpement\/\" \/>\n<meta property=\"og:locale\" content=\"fr_FR\" \/>\n<meta property=\"og:type\" content=\"article\" \/>\n<meta property=\"og:title\" content=\"Les conseils d\u2019administration des institutions pr\u00e9sentent leurs rapports sur la croissance et les plans de d\u00e9veloppement - \u00c9glise Adventiste Du Septieme Jour - Inter Am\u00e9rique Division\" \/>\n<meta property=\"og:description\" content=\"9 Mai 2023 | Miami, Floride, \u00c9tats-Unis | Libna Stevens, Actualit\u00e9s de la Division Inter Am\u00e9ricaine Deux conseils d\u2019administration d\u2019institutions supervis\u00e9s par l\u2019\u00c9glise adventiste du septi\u00e8me jour dans la Division...\" \/>\n<meta property=\"og:url\" content=\"https:\/\/interamerica.org\/fr\/2023\/05\/les-conseils-dadministration-des-institutions-presentent-leurs-rapports-sur-la-croissance-et-les-plans-de-developpement\/\" \/>\n<meta property=\"og:site_name\" content=\"\u00c9glise Adventiste Du Septieme Jour - Inter Am\u00e9rique Division\" \/>\n<meta property=\"article:published_time\" content=\"2023-05-10T01:31:57+00:00\" \/>\n<meta property=\"article:modified_time\" content=\"2023-05-10T14:03:42+00:00\" \/>\n<meta property=\"og:image\" content=\"https:\/\/interamerica.org\/wp-content\/uploads\/2023\/05\/efrain-velazquez-iats-mym23.jpg\" \/>\n\t<meta property=\"og:image:width\" content=\"1000\" \/>\n\t<meta property=\"og:image:height\" content=\"667\" \/>\n\t<meta property=\"og:image:type\" content=\"image\/jpeg\" \/>\n<meta name=\"author\" content=\"libna\" \/>\n<meta name=\"twitter:card\" content=\"summary_large_image\" \/>\n<meta name=\"twitter:label1\" content=\"\u00c9crit par\" \/>\n\t<meta name=\"twitter:data1\" content=\"libna\" \/>\n\t<meta name=\"twitter:label2\" content=\"Dur\u00e9e de lecture estim\u00e9e\" \/>\n\t<meta name=\"twitter:data2\" content=\"7 minutes\" \/>\n<script type=\"application\/ld+json\" class=\"yoast-schema-graph\">{\"@context\":\"https:\\\/\\\/schema.org\",\"@graph\":[{\"@type\":\"Article\",\"@id\":\"https:\\\/\\\/interamerica.org\\\/fr\\\/2023\\\/05\\\/les-conseils-dadministration-des-institutions-presentent-leurs-rapports-sur-la-croissance-et-les-plans-de-developpement\\\/#article\",\"isPartOf\":{\"@id\":\"https:\\\/\\\/interamerica.org\\\/fr\\\/2023\\\/05\\\/les-conseils-dadministration-des-institutions-presentent-leurs-rapports-sur-la-croissance-et-les-plans-de-developpement\\\/\"},\"author\":{\"name\":\"libna\",\"@id\":\"https:\\\/\\\/interamerica.org\\\/fr\\\/#\\\/schema\\\/person\\\/29998f2bc2d8bd0d38662909289b54f1\"},\"headline\":\"Les conseils d\u2019administration des institutions pr\u00e9sentent leurs rapports sur la croissance et les plans de d\u00e9veloppement\",\"datePublished\":\"2023-05-10T01:31:57+00:00\",\"dateModified\":\"2023-05-10T14:03:42+00:00\",\"mainEntityOfPage\":{\"@id\":\"https:\\\/\\\/interamerica.org\\\/fr\\\/2023\\\/05\\\/les-conseils-dadministration-des-institutions-presentent-leurs-rapports-sur-la-croissance-et-les-plans-de-developpement\\\/\"},\"wordCount\":1384,\"image\":{\"@id\":\"https:\\\/\\\/interamerica.org\\\/fr\\\/2023\\\/05\\\/les-conseils-dadministration-des-institutions-presentent-leurs-rapports-sur-la-croissance-et-les-plans-de-developpement\\\/#primaryimage\"},\"thumbnailUrl\":\"https:\\\/\\\/interamerica.org\\\/wp-content\\\/uploads\\\/2023\\\/05\\\/efrain-velazquez-iats-mym23.jpg\",\"articleSection\":[\"Nouvelles du si\u00e8ge de la division\",\"RSS Fran\u00e7ais\"],\"inLanguage\":\"fr-FR\"},{\"@type\":\"WebPage\",\"@id\":\"https:\\\/\\\/interamerica.org\\\/fr\\\/2023\\\/05\\\/les-conseils-dadministration-des-institutions-presentent-leurs-rapports-sur-la-croissance-et-les-plans-de-developpement\\\/\",\"url\":\"https:\\\/\\\/interamerica.org\\\/fr\\\/2023\\\/05\\\/les-conseils-dadministration-des-institutions-presentent-leurs-rapports-sur-la-croissance-et-les-plans-de-developpement\\\/\",\"name\":\"Les conseils d\u2019administration des institutions pr\u00e9sentent leurs rapports sur la croissance et les plans de d\u00e9veloppement - \u00c9glise Adventiste Du Septieme Jour - Inter Am\u00e9rique Division\",\"isPartOf\":{\"@id\":\"https:\\\/\\\/interamerica.org\\\/fr\\\/#website\"},\"primaryImageOfPage\":{\"@id\":\"https:\\\/\\\/interamerica.org\\\/fr\\\/2023\\\/05\\\/les-conseils-dadministration-des-institutions-presentent-leurs-rapports-sur-la-croissance-et-les-plans-de-developpement\\\/#primaryimage\"},\"image\":{\"@id\":\"https:\\\/\\\/interamerica.org\\\/fr\\\/2023\\\/05\\\/les-conseils-dadministration-des-institutions-presentent-leurs-rapports-sur-la-croissance-et-les-plans-de-developpement\\\/#primaryimage\"},\"thumbnailUrl\":\"https:\\\/\\\/interamerica.org\\\/wp-content\\\/uploads\\\/2023\\\/05\\\/efrain-velazquez-iats-mym23.jpg\",\"datePublished\":\"2023-05-10T01:31:57+00:00\",\"dateModified\":\"2023-05-10T14:03:42+00:00\",\"author\":{\"@id\":\"https:\\\/\\\/interamerica.org\\\/fr\\\/#\\\/schema\\\/person\\\/29998f2bc2d8bd0d38662909289b54f1\"},\"breadcrumb\":{\"@id\":\"https:\\\/\\\/interamerica.org\\\/fr\\\/2023\\\/05\\\/les-conseils-dadministration-des-institutions-presentent-leurs-rapports-sur-la-croissance-et-les-plans-de-developpement\\\/#breadcrumb\"},\"inLanguage\":\"fr-FR\",\"potentialAction\":[{\"@type\":\"ReadAction\",\"target\":[\"https:\\\/\\\/interamerica.org\\\/fr\\\/2023\\\/05\\\/les-conseils-dadministration-des-institutions-presentent-leurs-rapports-sur-la-croissance-et-les-plans-de-developpement\\\/\"]}]},{\"@type\":\"ImageObject\",\"inLanguage\":\"fr-FR\",\"@id\":\"https:\\\/\\\/interamerica.org\\\/fr\\\/2023\\\/05\\\/les-conseils-dadministration-des-institutions-presentent-leurs-rapports-sur-la-croissance-et-les-plans-de-developpement\\\/#primaryimage\",\"url\":\"https:\\\/\\\/interamerica.org\\\/wp-content\\\/uploads\\\/2023\\\/05\\\/efrain-velazquez-iats-mym23.jpg\",\"contentUrl\":\"https:\\\/\\\/interamerica.org\\\/wp-content\\\/uploads\\\/2023\\\/05\\\/efrain-velazquez-iats-mym23.jpg\",\"width\":1000,\"height\":667,\"caption\":\"[Photo: Keila Trejo\\\/IAD]\"},{\"@type\":\"BreadcrumbList\",\"@id\":\"https:\\\/\\\/interamerica.org\\\/fr\\\/2023\\\/05\\\/les-conseils-dadministration-des-institutions-presentent-leurs-rapports-sur-la-croissance-et-les-plans-de-developpement\\\/#breadcrumb\",\"itemListElement\":[{\"@type\":\"ListItem\",\"position\":1,\"name\":\"Home\",\"item\":\"https:\\\/\\\/interamerica.org\\\/fr\\\/\"},{\"@type\":\"ListItem\",\"position\":2,\"name\":\"Les conseils d\u2019administration des institutions pr\u00e9sentent leurs rapports sur la croissance et les plans de d\u00e9veloppement\"}]},{\"@type\":\"WebSite\",\"@id\":\"https:\\\/\\\/interamerica.org\\\/fr\\\/#website\",\"url\":\"https:\\\/\\\/interamerica.org\\\/fr\\\/\",\"name\":\"\u00c9glise Adventiste Du Septieme Jour - Inter Am\u00e9rique Division\",\"description\":\"\",\"potentialAction\":[{\"@type\":\"SearchAction\",\"target\":{\"@type\":\"EntryPoint\",\"urlTemplate\":\"https:\\\/\\\/interamerica.org\\\/fr\\\/?s={search_term_string}\"},\"query-input\":{\"@type\":\"PropertyValueSpecification\",\"valueRequired\":true,\"valueName\":\"search_term_string\"}}],\"inLanguage\":\"fr-FR\"},{\"@type\":\"Person\",\"@id\":\"https:\\\/\\\/interamerica.org\\\/fr\\\/#\\\/schema\\\/person\\\/29998f2bc2d8bd0d38662909289b54f1\",\"name\":\"libna\",\"image\":{\"@type\":\"ImageObject\",\"inLanguage\":\"fr-FR\",\"@id\":\"https:\\\/\\\/secure.gravatar.com\\\/avatar\\\/7c5bd30ae4b47a9ba3c856590957fd1d96dc588bf3ac05719d247e126840331f?s=96&d=mm&r=g\",\"url\":\"https:\\\/\\\/secure.gravatar.com\\\/avatar\\\/7c5bd30ae4b47a9ba3c856590957fd1d96dc588bf3ac05719d247e126840331f?s=96&d=mm&r=g\",\"contentUrl\":\"https:\\\/\\\/secure.gravatar.com\\\/avatar\\\/7c5bd30ae4b47a9ba3c856590957fd1d96dc588bf3ac05719d247e126840331f?s=96&d=mm&r=g\",\"caption\":\"libna\"}}]}<\/script>\n<!-- \/ Yoast SEO plugin. -->","yoast_head_json":{"title":"Les conseils d\u2019administration des institutions pr\u00e9sentent leurs rapports sur la croissance et les plans de d\u00e9veloppement - \u00c9glise Adventiste Du Septieme Jour - Inter Am\u00e9rique Division","robots":{"index":"index","follow":"follow","max-snippet":"max-snippet:-1","max-image-preview":"max-image-preview:large","max-video-preview":"max-video-preview:-1"},"canonical":"https:\/\/interamerica.org\/fr\/2023\/05\/les-conseils-dadministration-des-institutions-presentent-leurs-rapports-sur-la-croissance-et-les-plans-de-developpement\/","og_locale":"fr_FR","og_type":"article","og_title":"Les conseils d\u2019administration des institutions pr\u00e9sentent leurs rapports sur la croissance et les plans de d\u00e9veloppement - \u00c9glise Adventiste Du Septieme Jour - Inter Am\u00e9rique Division","og_description":"9 Mai 2023 | Miami, Floride, \u00c9tats-Unis | Libna Stevens, Actualit\u00e9s de la Division Inter Am\u00e9ricaine Deux conseils d\u2019administration d\u2019institutions supervis\u00e9s par l\u2019\u00c9glise adventiste du septi\u00e8me jour dans la Division...","og_url":"https:\/\/interamerica.org\/fr\/2023\/05\/les-conseils-dadministration-des-institutions-presentent-leurs-rapports-sur-la-croissance-et-les-plans-de-developpement\/","og_site_name":"\u00c9glise Adventiste Du Septieme Jour - Inter Am\u00e9rique Division","article_published_time":"2023-05-10T01:31:57+00:00","article_modified_time":"2023-05-10T14:03:42+00:00","og_image":[{"width":1000,"height":667,"url":"https:\/\/interamerica.org\/wp-content\/uploads\/2023\/05\/efrain-velazquez-iats-mym23.jpg","type":"image\/jpeg"}],"author":"libna","twitter_card":"summary_large_image","twitter_misc":{"\u00c9crit par":"libna","Dur\u00e9e de lecture estim\u00e9e":"7 minutes"},"schema":{"@context":"https:\/\/schema.org","@graph":[{"@type":"Article","@id":"https:\/\/interamerica.org\/fr\/2023\/05\/les-conseils-dadministration-des-institutions-presentent-leurs-rapports-sur-la-croissance-et-les-plans-de-developpement\/#article","isPartOf":{"@id":"https:\/\/interamerica.org\/fr\/2023\/05\/les-conseils-dadministration-des-institutions-presentent-leurs-rapports-sur-la-croissance-et-les-plans-de-developpement\/"},"author":{"name":"libna","@id":"https:\/\/interamerica.org\/fr\/#\/schema\/person\/29998f2bc2d8bd0d38662909289b54f1"},"headline":"Les conseils d\u2019administration des institutions pr\u00e9sentent leurs rapports sur la croissance et les plans de d\u00e9veloppement","datePublished":"2023-05-10T01:31:57+00:00","dateModified":"2023-05-10T14:03:42+00:00","mainEntityOfPage":{"@id":"https:\/\/interamerica.org\/fr\/2023\/05\/les-conseils-dadministration-des-institutions-presentent-leurs-rapports-sur-la-croissance-et-les-plans-de-developpement\/"},"wordCount":1384,"image":{"@id":"https:\/\/interamerica.org\/fr\/2023\/05\/les-conseils-dadministration-des-institutions-presentent-leurs-rapports-sur-la-croissance-et-les-plans-de-developpement\/#primaryimage"},"thumbnailUrl":"https:\/\/interamerica.org\/wp-content\/uploads\/2023\/05\/efrain-velazquez-iats-mym23.jpg","articleSection":["Nouvelles du si\u00e8ge de la division","RSS Fran\u00e7ais"],"inLanguage":"fr-FR"},{"@type":"WebPage","@id":"https:\/\/interamerica.org\/fr\/2023\/05\/les-conseils-dadministration-des-institutions-presentent-leurs-rapports-sur-la-croissance-et-les-plans-de-developpement\/","url":"https:\/\/interamerica.org\/fr\/2023\/05\/les-conseils-dadministration-des-institutions-presentent-leurs-rapports-sur-la-croissance-et-les-plans-de-developpement\/","name":"Les conseils d\u2019administration des institutions pr\u00e9sentent leurs rapports sur la croissance et les plans de d\u00e9veloppement - \u00c9glise Adventiste Du Septieme Jour - Inter Am\u00e9rique Division","isPartOf":{"@id":"https:\/\/interamerica.org\/fr\/#website"},"primaryImageOfPage":{"@id":"https:\/\/interamerica.org\/fr\/2023\/05\/les-conseils-dadministration-des-institutions-presentent-leurs-rapports-sur-la-croissance-et-les-plans-de-developpement\/#primaryimage"},"image":{"@id":"https:\/\/interamerica.org\/fr\/2023\/05\/les-conseils-dadministration-des-institutions-presentent-leurs-rapports-sur-la-croissance-et-les-plans-de-developpement\/#primaryimage"},"thumbnailUrl":"https:\/\/interamerica.org\/wp-content\/uploads\/2023\/05\/efrain-velazquez-iats-mym23.jpg","datePublished":"2023-05-10T01:31:57+00:00","dateModified":"2023-05-10T14:03:42+00:00","author":{"@id":"https:\/\/interamerica.org\/fr\/#\/schema\/person\/29998f2bc2d8bd0d38662909289b54f1"},"breadcrumb":{"@id":"https:\/\/interamerica.org\/fr\/2023\/05\/les-conseils-dadministration-des-institutions-presentent-leurs-rapports-sur-la-croissance-et-les-plans-de-developpement\/#breadcrumb"},"inLanguage":"fr-FR","potentialAction":[{"@type":"ReadAction","target":["https:\/\/interamerica.org\/fr\/2023\/05\/les-conseils-dadministration-des-institutions-presentent-leurs-rapports-sur-la-croissance-et-les-plans-de-developpement\/"]}]},{"@type":"ImageObject","inLanguage":"fr-FR","@id":"https:\/\/interamerica.org\/fr\/2023\/05\/les-conseils-dadministration-des-institutions-presentent-leurs-rapports-sur-la-croissance-et-les-plans-de-developpement\/#primaryimage","url":"https:\/\/interamerica.org\/wp-content\/uploads\/2023\/05\/efrain-velazquez-iats-mym23.jpg","contentUrl":"https:\/\/interamerica.org\/wp-content\/uploads\/2023\/05\/efrain-velazquez-iats-mym23.jpg","width":1000,"height":667,"caption":"[Photo: Keila Trejo\/IAD]"},{"@type":"BreadcrumbList","@id":"https:\/\/interamerica.org\/fr\/2023\/05\/les-conseils-dadministration-des-institutions-presentent-leurs-rapports-sur-la-croissance-et-les-plans-de-developpement\/#breadcrumb","itemListElement":[{"@type":"ListItem","position":1,"name":"Home","item":"https:\/\/interamerica.org\/fr\/"},{"@type":"ListItem","position":2,"name":"Les conseils d\u2019administration des institutions pr\u00e9sentent leurs rapports sur la croissance et les plans de d\u00e9veloppement"}]},{"@type":"WebSite","@id":"https:\/\/interamerica.org\/fr\/#website","url":"https:\/\/interamerica.org\/fr\/","name":"\u00c9glise Adventiste Du Septieme Jour - Inter Am\u00e9rique Division","description":"","potentialAction":[{"@type":"SearchAction","target":{"@type":"EntryPoint","urlTemplate":"https:\/\/interamerica.org\/fr\/?s={search_term_string}"},"query-input":{"@type":"PropertyValueSpecification","valueRequired":true,"valueName":"search_term_string"}}],"inLanguage":"fr-FR"},{"@type":"Person","@id":"https:\/\/interamerica.org\/fr\/#\/schema\/person\/29998f2bc2d8bd0d38662909289b54f1","name":"libna","image":{"@type":"ImageObject","inLanguage":"fr-FR","@id":"https:\/\/secure.gravatar.com\/avatar\/7c5bd30ae4b47a9ba3c856590957fd1d96dc588bf3ac05719d247e126840331f?s=96&d=mm&r=g","url":"https:\/\/secure.gravatar.com\/avatar\/7c5bd30ae4b47a9ba3c856590957fd1d96dc588bf3ac05719d247e126840331f?s=96&d=mm&r=g","contentUrl":"https:\/\/secure.gravatar.com\/avatar\/7c5bd30ae4b47a9ba3c856590957fd1d96dc588bf3ac05719d247e126840331f?s=96&d=mm&r=g","caption":"libna"}}]}},"_links":{"self":[{"href":"https:\/\/interamerica.org\/fr\/wp-json\/wp\/v2\/posts\/98662","targetHints":{"allow":["GET"]}}],"collection":[{"href":"https:\/\/interamerica.org\/fr\/wp-json\/wp\/v2\/posts"}],"about":[{"href":"https:\/\/interamerica.org\/fr\/wp-json\/wp\/v2\/types\/post"}],"author":[{"embeddable":true,"href":"https:\/\/interamerica.org\/fr\/wp-json\/wp\/v2\/users\/3"}],"replies":[{"embeddable":true,"href":"https:\/\/interamerica.org\/fr\/wp-json\/wp\/v2\/comments?post=98662"}],"version-history":[{"count":0,"href":"https:\/\/interamerica.org\/fr\/wp-json\/wp\/v2\/posts\/98662\/revisions"}],"wp:featuredmedia":[{"embeddable":true,"href":"https:\/\/interamerica.org\/fr\/wp-json\/wp\/v2\/media\/98624"}],"wp:attachment":[{"href":"https:\/\/interamerica.org\/fr\/wp-json\/wp\/v2\/media?parent=98662"}],"wp:term":[{"taxonomy":"category","embeddable":true,"href":"https:\/\/interamerica.org\/fr\/wp-json\/wp\/v2\/categories?post=98662"},{"taxonomy":"post_tag","embeddable":true,"href":"https:\/\/interamerica.org\/fr\/wp-json\/wp\/v2\/tags?post=98662"}],"curies":[{"name":"wp","href":"https:\/\/api.w.org\/{rel}","templated":true}]}}