{"id":98887,"date":"2023-05-15T15:45:09","date_gmt":"2023-05-15T19:45:09","guid":{"rendered":"https:\/\/interamerica.org\/?p=98887"},"modified":"2023-05-17T13:17:04","modified_gmt":"2023-05-17T17:17:04","slug":"au-mexique-les-pasteurs-locaux-dialoguent-et-recentrent-leur-ministere-pour-mieux-accomplir-la-mission","status":"publish","type":"post","link":"https:\/\/interamerica.org\/fr\/2023\/05\/au-mexique-les-pasteurs-locaux-dialoguent-et-recentrent-leur-ministere-pour-mieux-accomplir-la-mission\/","title":{"rendered":"Au Mexique, les pasteurs locaux dialoguent et recentrent leur minist\u00e8re pour mieux accomplir la mission"},"content":{"rendered":"<p><div id=\"attachment_98819\" style=\"width: 1010px\" class=\"wp-caption aligncenter\"><img fetchpriority=\"high\" decoding=\"async\" aria-describedby=\"caption-attachment-98819\" class=\"size-full wp-image-98820\" src=\"https:\/\/interamerica.org\/wp-content\/uploads\/2023\/05\/semu-pastors-studying.jpg\" alt=\"\" width=\"1000\" height=\"667\" srcset=\"https:\/\/interamerica.org\/wp-content\/uploads\/2023\/05\/semu-pastors-studying.jpg 1000w, https:\/\/interamerica.org\/wp-content\/uploads\/2023\/05\/semu-pastors-studying-300x200.jpg 300w, https:\/\/interamerica.org\/wp-content\/uploads\/2023\/05\/semu-pastors-studying-768x512.jpg 768w\" sizes=\"(max-width: 1000px) 100vw, 1000px\" \/><p id=\"caption-attachment-98819\" class=\"wp-caption-text\">Les pasteurs de l\u2019Union Mexicaine du Sud-Est se rencontrent lors d\u2019une toute premi\u00e8re retraite pastorale au site de camp d\u2019El Tr\u00e9bol, \u00e0 Tekax, dans le sud-est du Mexique, du 16 au 19 avril 2023. Le programme de quatre jours intervenait dans le cadre de sessions de dialogue au cours desquelles 196 pasteurs de district locaux ont partag\u00e9 leurs exp\u00e9riences, ont \u00e9tudi\u00e9 la Bible et se sont concentr\u00e9s sur l\u2019accomplissement de la mission consistant \u00e0 proclamer l\u2019\u00e9vangile plus efficacement dans leurs congr\u00e9gations et dans la communaut\u00e9. [Photo : Germ\u00e1n Rodr\u00edguez]<\/p><\/div>15 Mai 2023 | M\u00e9rida, Mexique | Victor Mart\u00ednez et Actualit\u00e9s de la Division Inter Am\u00e9ricaine<\/p>\n<p>Des dizaines de pasteurs de district venus de tout le territoire de l\u2019\u00c9glise adventiste du septi\u00e8me jour dans l\u2019Union Mexicaine du Sud-Est se sont r\u00e9cemment r\u00e9unis pour participer \u00e0 leur toute premi\u00e8re retraite spirituelle au cours de laquelle ils ont pu dialoguer et partager leurs exp\u00e9riences avec les administrateurs de l\u2019\u00e9glise, rester ancr\u00e9s dans la Parole de Dieu tout en restant concentr\u00e9s sur l\u2019accomplissement de la mission consistant \u00e0 proclamer l\u2019\u00e9vangile et \u00e0 conduire des centaines de membres malgr\u00e9 les nombreux d\u00e9fis auxquels ils sont confront\u00e9s dans leur minist\u00e8re.<\/p>\n<p>Les 196 pasteurs des sept champs locaux du sud-est du Mexique se sont r\u00e9unis sur le site de camp de l\u2019\u00e9glise \u00e0 El Tr\u00e9bol, \u00e0 Tekax, du 16 au 19 avril 2023.<\/p>\n<p><div id=\"attachment_98822\" style=\"width: 926px\" class=\"wp-caption aligncenter\"><img decoding=\"async\" aria-describedby=\"caption-attachment-98822\" class=\" wp-image-98823\" src=\"https:\/\/interamerica.org\/wp-content\/uploads\/2023\/05\/semu-elie-henry-pastors.jpg\" alt=\"\" width=\"916\" height=\"611\" srcset=\"https:\/\/interamerica.org\/wp-content\/uploads\/2023\/05\/semu-elie-henry-pastors.jpg 1000w, https:\/\/interamerica.org\/wp-content\/uploads\/2023\/05\/semu-elie-henry-pastors-300x200.jpg 300w, https:\/\/interamerica.org\/wp-content\/uploads\/2023\/05\/semu-elie-henry-pastors-768x512.jpg 768w\" sizes=\"(max-width: 916px) 100vw, 916px\" \/><p id=\"caption-attachment-98822\" class=\"wp-caption-text\">Le pr\u00e9sident de la Division Inter Am\u00e9ricaine, pasteur Elie Henry, s\u2019adresse aux pasteurs des \u00e9glises locales de l\u2019Union Mexicaine du Sud-Est lors d\u2019un moment de d\u00e9votion. [Photo : Germ\u00e1n Rodr\u00edguez]<\/p><\/div>\u00ab Nous voulons faciliter une rencontre personnelle avec notre Sauveur et saisir l\u2019opportunit\u00e9 pour parler, analyser la d\u00e9finition du don du minist\u00e8re pastoral selon la Bible et l\u2019Esprit de proph\u00e9tie, et prier pour comprendre quelles sont nos t\u00e2ches dans l\u2019exercice du minist\u00e8re aupr\u00e8s des membres, \u00bb a d\u00e9clar\u00e9 le pasteur David Celis, pr\u00e9sident de l\u2019Union Mexicaine du Sud-Est. \u00ab Il est essentiel que nous recherchions le Saint-Esprit pour comprendre ce que signifie \u00eatre pasteur et notre impact sur l\u2019\u00e9glise et sur la communaut\u00e9. \u00bb<\/p>\n<p>Pasteur Celis, qui, avant d\u2019\u00eatre \u00e9lu pr\u00e9sident de l\u2019Union Mexicaine du Sud-Est, a servi de nombreuses ann\u00e9es en tant que secr\u00e9taire ex\u00e9cutif de cette union, a d\u00e9clar\u00e9 qu\u2019il \u00e9tait important de savoir ce que ressentaient les pasteurs, ce \u00e0 quoi ils \u00e9taient confront\u00e9s, quels \u00e9taient leurs pr\u00e9occupations et leurs besoins urgents, et d\u2019encourager leur engagement sinc\u00e8re envers la mission et le discipulat.<\/p>\n<p>\u00ab La t\u00e2che la plus importante du pasteur est de promouvoir et de faciliter la formation de disciples, les visites et l\u2019enseignement des membres d\u2019\u00e9glise, \u00bb a dit pasteur Celis.<\/p>\n<p><div id=\"attachment_98816\" style=\"width: 937px\" class=\"wp-caption aligncenter\"><img decoding=\"async\" aria-describedby=\"caption-attachment-98816\" class=\" wp-image-98817\" src=\"https:\/\/interamerica.org\/wp-content\/uploads\/2023\/05\/semu-pastors-group-sessions.jpg\" alt=\"\" width=\"927\" height=\"618\" srcset=\"https:\/\/interamerica.org\/wp-content\/uploads\/2023\/05\/semu-pastors-group-sessions.jpg 1000w, https:\/\/interamerica.org\/wp-content\/uploads\/2023\/05\/semu-pastors-group-sessions-300x200.jpg 300w, https:\/\/interamerica.org\/wp-content\/uploads\/2023\/05\/semu-pastors-group-sessions-768x512.jpg 768w\" sizes=\"(max-width: 927px) 100vw, 927px\" \/><p id=\"caption-attachment-98816\" class=\"wp-caption-text\">Les pasteurs \u00e9tudient et r\u00e9fl\u00e9chissent lors de s\u00e9ances de groupe sp\u00e9cifiques tout au long de la journ\u00e9e. [Photo : Germ\u00e1n Rodr\u00edguez]<\/p><\/div><strong>Un minist\u00e8re centr\u00e9 sur le Christ<\/strong><\/p>\n<p>Le pr\u00e9sident de la Division Inter Am\u00e9ricaine, pasteur Elie Henry, lors de l\u2019un des nombreux messages adress\u00e9s au groupe pastoral, a d\u00e9clar\u00e9 : \u00ab Le minist\u00e8re pastoral doit \u00eatre un minist\u00e8re centr\u00e9 sur le Christ, un minist\u00e8re qui peut faire de la Bible et de la pri\u00e8re son principal outil. \u00bb Les pasteurs doivent se concentrer sur la proclamation du royaume de Dieu, a rappel\u00e9 pasteur Henry. \u00ab Notre message adventiste vient des Messages des Trois Anges et nous conduit \u00e0 l\u2019\u00e9v\u00e9nement le plus glorieux, la Seconde Venue de J\u00e9sus. \u00bb<\/p>\n<p>Les rencontres avaient pour objectif d\u2019amener les pasteurs \u00e0 utiliser chaque espace comme une opportunit\u00e9 de r\u00e9fl\u00e9chir \u00e0 l\u2019accomplissement plus efficace de leur minist\u00e8re et de promouvoir plus d\u2019int\u00e9gration au sein du corps pastoral de l\u2019union, a d\u00e9clar\u00e9 pasteur Breyner Roblero, secr\u00e9taire de l\u2019association pastorale et l\u2019un des principaux organisateurs du programme.<\/p>\n<p><div id=\"attachment_98825\" style=\"width: 904px\" class=\"wp-caption aligncenter\"><img loading=\"lazy\" decoding=\"async\" aria-describedby=\"caption-attachment-98825\" class=\" wp-image-98826\" src=\"https:\/\/interamerica.org\/wp-content\/uploads\/2023\/05\/semu-pastors-exercise.jpg\" alt=\"\" width=\"894\" height=\"596\" srcset=\"https:\/\/interamerica.org\/wp-content\/uploads\/2023\/05\/semu-pastors-exercise.jpg 1000w, https:\/\/interamerica.org\/wp-content\/uploads\/2023\/05\/semu-pastors-exercise-300x200.jpg 300w, https:\/\/interamerica.org\/wp-content\/uploads\/2023\/05\/semu-pastors-exercise-768x512.jpg 768w\" sizes=\"(max-width: 894px) 100vw, 894px\" \/><p id=\"caption-attachment-98825\" class=\"wp-caption-text\">Les pasteurs prennent le temps de s\u2019\u00e9tirer et de faire des exercices lors du programme de quatre jours dans le Sud-est du Mexique. [Photo : Germ\u00e1n Rodr\u00edguez]<\/p><\/div>Les pasteurs ont particip\u00e9 \u00e0 des s\u00e9ances en petits groupes pour discuter des moyens de travailler ensemble entre les diff\u00e9rents champs locaux et pour trouver de meilleures fa\u00e7ons de r\u00e9pondre aux besoins de l&rsquo;\u00e9glise, a expliqu\u00e9 pasteur Roblero. Bien que des retraites pastorales aient eu lieu dans le pass\u00e9, cette retraite a \u00e9t\u00e9 con\u00e7ue pour fa\u00e7onner un nouveau paradigme pour le minist\u00e8re pastoral dans toute l\u2019union, a ajout\u00e9 pasteur Roblero.<\/p>\n<p>\u00ab Avec tant de responsabilit\u00e9s, pr\u00eacher des sermons, organiser des programmes d\u2019\u00e9vang\u00e9lisation, diriger des comit\u00e9s d\u2019\u00e9glise, rendre visite aux membres, suivre les programmes et les activit\u00e9s du calendrier de l\u2019\u00e9glise locale, ainsi que des champs locaux, de l\u2019union et de la division, les pasteurs rentrent souvent chez eux \u00e0 minuit tous les soirs, \u00bb a d\u00e9clar\u00e9 pasteur Roblero.<\/p>\n<p><div id=\"attachment_98871\" style=\"width: 900px\" class=\"wp-caption aligncenter\"><img loading=\"lazy\" decoding=\"async\" aria-describedby=\"caption-attachment-98871\" class=\" wp-image-98870\" src=\"https:\/\/interamerica.org\/wp-content\/uploads\/2023\/05\/semu-group-session-outdoors-b.jpg\" alt=\"\" width=\"890\" height=\"594\" srcset=\"https:\/\/interamerica.org\/wp-content\/uploads\/2023\/05\/semu-group-session-outdoors-b.jpg 1000w, https:\/\/interamerica.org\/wp-content\/uploads\/2023\/05\/semu-group-session-outdoors-b-300x200.jpg 300w, https:\/\/interamerica.org\/wp-content\/uploads\/2023\/05\/semu-group-session-outdoors-b-768x512.jpg 768w\" sizes=\"(max-width: 890px) 100vw, 890px\" \/><p id=\"caption-attachment-98871\" class=\"wp-caption-text\">Les pasteurs dialoguent au cours de l\u2019une des nombreuses sessions de groupe lors du programme pastoral. [Photo : Germ\u00e1n Rodr\u00edguez]<\/p><\/div><strong>\u00catre pasteur de plus de 12 \u00e9glises<\/strong><\/p>\n<p>Un pasteur de l\u2019Union Mexicaine du Sud-Est peut avoir en moyenne 14 \u00e0 16 \u00e9glises, avec un total de plus de 800 ou 1000 membres d\u2019\u00e9glise, a dit pasteur Roblero.<\/p>\n<p>Pour de nombreux pasteurs, la rencontre pastorale a \u00e9t\u00e9 l\u2019occasion d\u2019un nouvel engagement \u00e0 l\u2019appel au minist\u00e8re ; cela a \u00e9t\u00e9 le cas pour Dar\u00edo Ocampo, 52 ans, qui est pasteur de 12 \u00e9glises dans son district de Chetumal, dans le Quintana Roo. \u00ab Dieu m\u2019a lanc\u00e9 un appel merveilleux \u00e0 travers lequel je devrais apprendre \u00e0 aimer le corps du Christ qui est son \u00e9glise, \u00e0 \u00eatre patient avec chaque membre tout en r\u00e9alisant que je prends part \u00e0 une mission que nous avons re\u00e7ue de telle sorte que la fin vienne bient\u00f4t, \u00bb a d\u00e9clar\u00e9 Dario Ocampo.<\/p>\n<p><div id=\"attachment_98862\" style=\"width: 889px\" class=\"wp-caption aligncenter\"><img loading=\"lazy\" decoding=\"async\" aria-describedby=\"caption-attachment-98862\" class=\" wp-image-98861\" src=\"https:\/\/interamerica.org\/wp-content\/uploads\/2023\/05\/familia-pastoral.jpg\" alt=\"\" width=\"879\" height=\"617\" srcset=\"https:\/\/interamerica.org\/wp-content\/uploads\/2023\/05\/familia-pastoral.jpg 950w, https:\/\/interamerica.org\/wp-content\/uploads\/2023\/05\/familia-pastoral-300x211.jpg 300w, https:\/\/interamerica.org\/wp-content\/uploads\/2023\/05\/familia-pastoral-768x539.jpg 768w\" sizes=\"(max-width: 879px) 100vw, 879px\" \/><p id=\"caption-attachment-98862\" class=\"wp-caption-text\">Pasteur Neftaly V\u00e1zquez, pasteur de 12 \u00e9glises dans le district de Juan Aldama \u00e0 Teapa, dans l\u2019\u00e9tat de Tabasco, pose pour une photo avec sa famille. [Photo : Germ\u00e1n Rodr\u00edguez]<\/p><\/div>Benjamin Vargas, qui est le pasteur de l\u2019\u00e9glise adventiste du Centre qui compte plus de 600 membres \u00e0 Canc\u00fan, a d\u00e9clar\u00e9 qu\u2019\u00ab \u00eatre pasteur en 2023 c\u2019est \u00eatre passionn\u00e9 par la mission. Quelqu\u2019un qui a une relation \u00e9troite avec Dieu, qui aime, prend soin, gu\u00e9rit, r\u00e9g\u00e9n\u00e8re et fait des recherches, \u00bb a-t-il d\u00e9clar\u00e9. \u00ab En tant que pasteur, vous devez aller au-del\u00e0 de la routine quotidienne, entrer dans l\u2019innovation de la foi bas\u00e9e sur les Saintes \u00c9critures pour \u00eatre comme J\u00e9sus dans un monde en mutation. \u00bb<\/p>\n<p>Pasteur Neftaly V\u00e1zquez, qui a pr\u00e8s de 40 ans de service et dirige actuellement 12 \u00e9glises dans le district de Juan Aldama \u00e0 Teapa, dans l\u2019\u00e9tat de Tabasco, a d\u00e9couvert que le plus important est de comprendre votre minist\u00e8re. \u00ab J\u2019ai appris que dans ces r\u00e9unions o\u00f9 nous en apprenons davantage sur notre vision du minist\u00e8re avec les jeunes, cela nous aide \u00e0 nous concentrer sur la mission. \u00bb<\/p>\n<p><div id=\"attachment_98865\" style=\"width: 862px\" class=\"wp-caption aligncenter\"><img loading=\"lazy\" decoding=\"async\" aria-describedby=\"caption-attachment-98865\" class=\" wp-image-98864\" src=\"https:\/\/interamerica.org\/wp-content\/uploads\/2023\/05\/david-celis-campestre-ministerial-1024x683.jpg\" alt=\"\" width=\"852\" height=\"568\" srcset=\"https:\/\/interamerica.org\/wp-content\/uploads\/2023\/05\/david-celis-campestre-ministerial-1024x683.jpg 1024w, https:\/\/interamerica.org\/wp-content\/uploads\/2023\/05\/david-celis-campestre-ministerial-300x200.jpg 300w, https:\/\/interamerica.org\/wp-content\/uploads\/2023\/05\/david-celis-campestre-ministerial-768x512.jpg 768w, https:\/\/interamerica.org\/wp-content\/uploads\/2023\/05\/david-celis-campestre-ministerial-1536x1024.jpg 1536w, https:\/\/interamerica.org\/wp-content\/uploads\/2023\/05\/david-celis-campestre-ministerial-2048x1365.jpg 2048w\" sizes=\"(max-width: 852px) 100vw, 852px\" \/><p id=\"caption-attachment-98865\" class=\"wp-caption-text\">Pasteur David Celis (deuxi\u00e8me \u00e0 partir de la gauche), pr\u00e9sident de l\u2019Union Mexicaine du Sud-Est, dirige un service de communion \u00e0 la fin du programme pastoral. [Photo : Germ\u00e1n Rodr\u00edguez]<\/p><\/div>Les exp\u00e9riences dans le minist\u00e8re ont marqu\u00e9 l\u2019objectif que Dieu a pour ma vie, a dit pasteur V\u00e1zquez. \u00ab Dieu avait un objectif pour moi lorsque j\u2019ai \u00e9t\u00e9 appel\u00e9 au minist\u00e8re, la raison de mon existence \u00e9tait tr\u00e8s claire lorsque j\u2019ai \u00e9t\u00e9 sauv\u00e9 avec un autre pasteur du lynchage, \u00bb a-t-il indiqu\u00e9. \u00ab Dieu m\u2019a sauv\u00e9 la vie en 1999 lorsque j\u2019\u00e9tais dans le Chiapas o\u00f9 il y avait de l\u2019intol\u00e9rance religieuse dans une communaut\u00e9 et cette exp\u00e9rience m\u2019a confirm\u00e9 que je suis un pasteur dans le but d\u2019aller vers les autres. \u00bb Aujourd\u2019hui, il y a trois \u00e9glises adventistes dans cette communaut\u00e9, a-t-il ajout\u00e9.<\/p>\n<p>Son exp\u00e9rience en tant que pasteur lui a permis de voir toute une \u00e9glise Pentec\u00f4tiste se convertir \u00e0 la foi adventiste, a dit pasteur V\u00e1zquez. \u00ab Il existe de nombreuses preuves de mon appel au minist\u00e8re et je suis ravi de servir un Dieu vivant. \u00bb Pasteur V\u00e1zquez a r\u00e9cemment tenu une s\u00e9rie de campagnes d\u2019\u00e9vang\u00e9lisation qui ont vu plus de 20 personnes se joindre \u00e0 l\u2019\u00e9glise.<\/p>\n<p><div id=\"attachment_98828\" style=\"width: 866px\" class=\"wp-caption aligncenter\"><img loading=\"lazy\" decoding=\"async\" aria-describedby=\"caption-attachment-98828\" class=\" wp-image-98829\" src=\"https:\/\/interamerica.org\/wp-content\/uploads\/2023\/05\/semu-declaration-pastors.jpg\" alt=\"\" width=\"856\" height=\"571\" srcset=\"https:\/\/interamerica.org\/wp-content\/uploads\/2023\/05\/semu-declaration-pastors.jpg 1000w, https:\/\/interamerica.org\/wp-content\/uploads\/2023\/05\/semu-declaration-pastors-300x200.jpg 300w, https:\/\/interamerica.org\/wp-content\/uploads\/2023\/05\/semu-declaration-pastors-768x512.jpg 768w\" sizes=\"(max-width: 856px) 100vw, 856px\" \/><p id=\"caption-attachment-98828\" class=\"wp-caption-text\">Un groupe de pasteurs prend le temps d\u2019\u00e9crire une d\u00e9claration de leur mission et de leur minist\u00e8re pour leurs membres d\u2019\u00e9glise. [Photo : Germ\u00e1n Rodr\u00edguez]<\/p><\/div><strong>Se recentrer sur la mission dans le minist\u00e8re pastoral<\/strong><\/p>\n<p>Chaque pasteur a r\u00e9dig\u00e9 sa propre nouvelle d\u00e9claration personnelle de son minist\u00e8re qu\u2019il a partag\u00e9e dans son groupe, a pris part \u00e0 des activit\u00e9s de fraternit\u00e9 et a particip\u00e9 \u00e0 un service de communion \u00e0 la fin du programme pastoral.<\/p>\n<p>La rencontre pastorale faisait partie int\u00e9grante de l\u2019\u00e9laboration de plans strat\u00e9giques et d\u2019initiatives qui prendront effet dans les \u00e9glises et leurs communaut\u00e9s au cours des prochaines ann\u00e9es, a d\u00e9clar\u00e9 pasteur Roblero. \u00ab Nous \u00e9tudierons \u00e0 nouveau ce qui a \u00e9t\u00e9 discut\u00e9 et sugg\u00e9r\u00e9 et cr\u00e9erons des plans pilotes pour fusionner ce que nous avons entendu de notre groupe pastoral et le rapprocher de la vision pastorale \u00e0 travers le territoire. \u00bb<\/p>\n<p><div id=\"attachment_98813\" style=\"width: 867px\" class=\"wp-caption aligncenter\"><img loading=\"lazy\" decoding=\"async\" aria-describedby=\"caption-attachment-98813\" class=\" wp-image-98814\" src=\"https:\/\/interamerica.org\/wp-content\/uploads\/2023\/05\/foto-oficial-campestre-pastoral-1-1024x503.jpg\" alt=\"\" width=\"857\" height=\"421\" srcset=\"https:\/\/interamerica.org\/wp-content\/uploads\/2023\/05\/foto-oficial-campestre-pastoral-1-1024x503.jpg 1024w, https:\/\/interamerica.org\/wp-content\/uploads\/2023\/05\/foto-oficial-campestre-pastoral-1-300x147.jpg 300w, https:\/\/interamerica.org\/wp-content\/uploads\/2023\/05\/foto-oficial-campestre-pastoral-1-768x377.jpg 768w, https:\/\/interamerica.org\/wp-content\/uploads\/2023\/05\/foto-oficial-campestre-pastoral-1-1536x755.jpg 1536w, https:\/\/interamerica.org\/wp-content\/uploads\/2023\/05\/foto-oficial-campestre-pastoral-1-2048x1007.jpg 2048w\" sizes=\"(max-width: 857px) 100vw, 857px\" \/><p id=\"caption-attachment-98813\" class=\"wp-caption-text\">Photo de groupe des dirigeants de l\u2019Union Mexicaine du Sud-Est et des pasteurs des \u00e9glises locales de tout le territoire. [Photo : Germ\u00e1n Rodr\u00edguez]<\/p><\/div>Il y a plus de 92000 adventistes du septi\u00e8me jour qui se r\u00e9unissent pour adorer dans 1261 \u00e9glises et groupes r\u00e9partis dans 141 districts pastoraux. L\u2019\u00e9glise g\u00e8re sept champs locaux, une universit\u00e9, un h\u00f4pital et 14 \u00e9coles primaires et secondaires.<\/p>\n<p>&nbsp;<\/p>\n<p>Traduction: Patrick Luciathe<\/p>\n","protected":false},"excerpt":{"rendered":"<p>15 Mai 2023 | M\u00e9rida, Mexique | Victor Mart\u00ednez et Actualit\u00e9s de la Division Inter Am\u00e9ricaine Des dizaines de pasteurs de district venus de tout le territoire de l\u2019\u00c9glise adventiste&#8230;<\/p>\n","protected":false},"author":3,"featured_media":98831,"comment_status":"closed","ping_status":"closed","sticky":false,"template":"","format":"standard","meta":{"_acf_changed":false,"footnotes":""},"categories":[21,19],"tags":[],"class_list":["post-98887","post","type-post","status-publish","format-standard","has-post-thumbnail","hentry","category-nouvelles-du-territoire","category-rss-francais"],"acf":[],"yoast_head":"<!-- This site is optimized with the Yoast SEO plugin v27.3 - https:\/\/yoast.com\/product\/yoast-seo-wordpress\/ -->\n<title>Au Mexique, les pasteurs locaux dialoguent et recentrent leur minist\u00e8re pour mieux accomplir la mission - \u00c9glise Adventiste Du Septieme Jour - Inter Am\u00e9rique Division<\/title>\n<meta name=\"robots\" content=\"index, follow, max-snippet:-1, max-image-preview:large, max-video-preview:-1\" \/>\n<link rel=\"canonical\" href=\"https:\/\/interamerica.org\/fr\/2023\/05\/au-mexique-les-pasteurs-locaux-dialoguent-et-recentrent-leur-ministere-pour-mieux-accomplir-la-mission\/\" \/>\n<meta property=\"og:locale\" content=\"fr_FR\" \/>\n<meta property=\"og:type\" content=\"article\" \/>\n<meta property=\"og:title\" content=\"Au Mexique, les pasteurs locaux dialoguent et recentrent leur minist\u00e8re pour mieux accomplir la mission - \u00c9glise Adventiste Du Septieme Jour - Inter Am\u00e9rique Division\" \/>\n<meta property=\"og:description\" content=\"15 Mai 2023 | M\u00e9rida, Mexique | Victor Mart\u00ednez et Actualit\u00e9s de la Division Inter Am\u00e9ricaine Des dizaines de pasteurs de district venus de tout le territoire de l\u2019\u00c9glise adventiste...\" \/>\n<meta property=\"og:url\" content=\"https:\/\/interamerica.org\/fr\/2023\/05\/au-mexique-les-pasteurs-locaux-dialoguent-et-recentrent-leur-ministere-pour-mieux-accomplir-la-mission\/\" \/>\n<meta property=\"og:site_name\" content=\"\u00c9glise Adventiste Du Septieme Jour - Inter Am\u00e9rique Division\" \/>\n<meta property=\"article:published_time\" content=\"2023-05-15T19:45:09+00:00\" \/>\n<meta property=\"article:modified_time\" content=\"2023-05-17T17:17:04+00:00\" \/>\n<meta property=\"og:image\" content=\"https:\/\/interamerica.org\/wp-content\/uploads\/2023\/05\/semu-pastors-studying-1280.jpg\" \/>\n\t<meta property=\"og:image:width\" content=\"1280\" \/>\n\t<meta property=\"og:image:height\" content=\"800\" \/>\n\t<meta property=\"og:image:type\" content=\"image\/jpeg\" \/>\n<meta name=\"author\" content=\"libna\" \/>\n<meta name=\"twitter:card\" content=\"summary_large_image\" \/>\n<meta name=\"twitter:label1\" content=\"\u00c9crit par\" \/>\n\t<meta name=\"twitter:data1\" content=\"libna\" \/>\n\t<meta name=\"twitter:label2\" content=\"Dur\u00e9e de lecture estim\u00e9e\" \/>\n\t<meta name=\"twitter:data2\" content=\"9 minutes\" \/>\n<script type=\"application\/ld+json\" class=\"yoast-schema-graph\">{\"@context\":\"https:\\\/\\\/schema.org\",\"@graph\":[{\"@type\":\"Article\",\"@id\":\"https:\\\/\\\/interamerica.org\\\/fr\\\/2023\\\/05\\\/au-mexique-les-pasteurs-locaux-dialoguent-et-recentrent-leur-ministere-pour-mieux-accomplir-la-mission\\\/#article\",\"isPartOf\":{\"@id\":\"https:\\\/\\\/interamerica.org\\\/fr\\\/2023\\\/05\\\/au-mexique-les-pasteurs-locaux-dialoguent-et-recentrent-leur-ministere-pour-mieux-accomplir-la-mission\\\/\"},\"author\":{\"name\":\"libna\",\"@id\":\"https:\\\/\\\/interamerica.org\\\/fr\\\/#\\\/schema\\\/person\\\/29998f2bc2d8bd0d38662909289b54f1\"},\"headline\":\"Au Mexique, les pasteurs locaux dialoguent et recentrent leur minist\u00e8re pour mieux accomplir la mission\",\"datePublished\":\"2023-05-15T19:45:09+00:00\",\"dateModified\":\"2023-05-17T17:17:04+00:00\",\"mainEntityOfPage\":{\"@id\":\"https:\\\/\\\/interamerica.org\\\/fr\\\/2023\\\/05\\\/au-mexique-les-pasteurs-locaux-dialoguent-et-recentrent-leur-ministere-pour-mieux-accomplir-la-mission\\\/\"},\"wordCount\":1719,\"image\":{\"@id\":\"https:\\\/\\\/interamerica.org\\\/fr\\\/2023\\\/05\\\/au-mexique-les-pasteurs-locaux-dialoguent-et-recentrent-leur-ministere-pour-mieux-accomplir-la-mission\\\/#primaryimage\"},\"thumbnailUrl\":\"https:\\\/\\\/interamerica.org\\\/wp-content\\\/uploads\\\/2023\\\/05\\\/semu-pastors-studying-1280.jpg\",\"articleSection\":[\"Nouvelles du territoire\",\"RSS Fran\u00e7ais\"],\"inLanguage\":\"fr-FR\"},{\"@type\":\"WebPage\",\"@id\":\"https:\\\/\\\/interamerica.org\\\/fr\\\/2023\\\/05\\\/au-mexique-les-pasteurs-locaux-dialoguent-et-recentrent-leur-ministere-pour-mieux-accomplir-la-mission\\\/\",\"url\":\"https:\\\/\\\/interamerica.org\\\/fr\\\/2023\\\/05\\\/au-mexique-les-pasteurs-locaux-dialoguent-et-recentrent-leur-ministere-pour-mieux-accomplir-la-mission\\\/\",\"name\":\"Au Mexique, les pasteurs locaux dialoguent et recentrent leur minist\u00e8re pour mieux accomplir la mission - \u00c9glise Adventiste Du Septieme Jour - Inter Am\u00e9rique Division\",\"isPartOf\":{\"@id\":\"https:\\\/\\\/interamerica.org\\\/fr\\\/#website\"},\"primaryImageOfPage\":{\"@id\":\"https:\\\/\\\/interamerica.org\\\/fr\\\/2023\\\/05\\\/au-mexique-les-pasteurs-locaux-dialoguent-et-recentrent-leur-ministere-pour-mieux-accomplir-la-mission\\\/#primaryimage\"},\"image\":{\"@id\":\"https:\\\/\\\/interamerica.org\\\/fr\\\/2023\\\/05\\\/au-mexique-les-pasteurs-locaux-dialoguent-et-recentrent-leur-ministere-pour-mieux-accomplir-la-mission\\\/#primaryimage\"},\"thumbnailUrl\":\"https:\\\/\\\/interamerica.org\\\/wp-content\\\/uploads\\\/2023\\\/05\\\/semu-pastors-studying-1280.jpg\",\"datePublished\":\"2023-05-15T19:45:09+00:00\",\"dateModified\":\"2023-05-17T17:17:04+00:00\",\"author\":{\"@id\":\"https:\\\/\\\/interamerica.org\\\/fr\\\/#\\\/schema\\\/person\\\/29998f2bc2d8bd0d38662909289b54f1\"},\"breadcrumb\":{\"@id\":\"https:\\\/\\\/interamerica.org\\\/fr\\\/2023\\\/05\\\/au-mexique-les-pasteurs-locaux-dialoguent-et-recentrent-leur-ministere-pour-mieux-accomplir-la-mission\\\/#breadcrumb\"},\"inLanguage\":\"fr-FR\",\"potentialAction\":[{\"@type\":\"ReadAction\",\"target\":[\"https:\\\/\\\/interamerica.org\\\/fr\\\/2023\\\/05\\\/au-mexique-les-pasteurs-locaux-dialoguent-et-recentrent-leur-ministere-pour-mieux-accomplir-la-mission\\\/\"]}]},{\"@type\":\"ImageObject\",\"inLanguage\":\"fr-FR\",\"@id\":\"https:\\\/\\\/interamerica.org\\\/fr\\\/2023\\\/05\\\/au-mexique-les-pasteurs-locaux-dialoguent-et-recentrent-leur-ministere-pour-mieux-accomplir-la-mission\\\/#primaryimage\",\"url\":\"https:\\\/\\\/interamerica.org\\\/wp-content\\\/uploads\\\/2023\\\/05\\\/semu-pastors-studying-1280.jpg\",\"contentUrl\":\"https:\\\/\\\/interamerica.org\\\/wp-content\\\/uploads\\\/2023\\\/05\\\/semu-pastors-studying-1280.jpg\",\"width\":1280,\"height\":800},{\"@type\":\"BreadcrumbList\",\"@id\":\"https:\\\/\\\/interamerica.org\\\/fr\\\/2023\\\/05\\\/au-mexique-les-pasteurs-locaux-dialoguent-et-recentrent-leur-ministere-pour-mieux-accomplir-la-mission\\\/#breadcrumb\",\"itemListElement\":[{\"@type\":\"ListItem\",\"position\":1,\"name\":\"Home\",\"item\":\"https:\\\/\\\/interamerica.org\\\/fr\\\/\"},{\"@type\":\"ListItem\",\"position\":2,\"name\":\"Au Mexique, les pasteurs locaux dialoguent et recentrent leur minist\u00e8re pour mieux accomplir la mission\"}]},{\"@type\":\"WebSite\",\"@id\":\"https:\\\/\\\/interamerica.org\\\/fr\\\/#website\",\"url\":\"https:\\\/\\\/interamerica.org\\\/fr\\\/\",\"name\":\"\u00c9glise Adventiste Du Septieme Jour - Inter Am\u00e9rique Division\",\"description\":\"\",\"potentialAction\":[{\"@type\":\"SearchAction\",\"target\":{\"@type\":\"EntryPoint\",\"urlTemplate\":\"https:\\\/\\\/interamerica.org\\\/fr\\\/?s={search_term_string}\"},\"query-input\":{\"@type\":\"PropertyValueSpecification\",\"valueRequired\":true,\"valueName\":\"search_term_string\"}}],\"inLanguage\":\"fr-FR\"},{\"@type\":\"Person\",\"@id\":\"https:\\\/\\\/interamerica.org\\\/fr\\\/#\\\/schema\\\/person\\\/29998f2bc2d8bd0d38662909289b54f1\",\"name\":\"libna\",\"image\":{\"@type\":\"ImageObject\",\"inLanguage\":\"fr-FR\",\"@id\":\"https:\\\/\\\/secure.gravatar.com\\\/avatar\\\/7c5bd30ae4b47a9ba3c856590957fd1d96dc588bf3ac05719d247e126840331f?s=96&d=mm&r=g\",\"url\":\"https:\\\/\\\/secure.gravatar.com\\\/avatar\\\/7c5bd30ae4b47a9ba3c856590957fd1d96dc588bf3ac05719d247e126840331f?s=96&d=mm&r=g\",\"contentUrl\":\"https:\\\/\\\/secure.gravatar.com\\\/avatar\\\/7c5bd30ae4b47a9ba3c856590957fd1d96dc588bf3ac05719d247e126840331f?s=96&d=mm&r=g\",\"caption\":\"libna\"}}]}<\/script>\n<!-- \/ Yoast SEO plugin. -->","yoast_head_json":{"title":"Au Mexique, les pasteurs locaux dialoguent et recentrent leur minist\u00e8re pour mieux accomplir la mission - \u00c9glise Adventiste Du Septieme Jour - Inter Am\u00e9rique Division","robots":{"index":"index","follow":"follow","max-snippet":"max-snippet:-1","max-image-preview":"max-image-preview:large","max-video-preview":"max-video-preview:-1"},"canonical":"https:\/\/interamerica.org\/fr\/2023\/05\/au-mexique-les-pasteurs-locaux-dialoguent-et-recentrent-leur-ministere-pour-mieux-accomplir-la-mission\/","og_locale":"fr_FR","og_type":"article","og_title":"Au Mexique, les pasteurs locaux dialoguent et recentrent leur minist\u00e8re pour mieux accomplir la mission - \u00c9glise Adventiste Du Septieme Jour - Inter Am\u00e9rique Division","og_description":"15 Mai 2023 | M\u00e9rida, Mexique | Victor Mart\u00ednez et Actualit\u00e9s de la Division Inter Am\u00e9ricaine Des dizaines de pasteurs de district venus de tout le territoire de l\u2019\u00c9glise adventiste...","og_url":"https:\/\/interamerica.org\/fr\/2023\/05\/au-mexique-les-pasteurs-locaux-dialoguent-et-recentrent-leur-ministere-pour-mieux-accomplir-la-mission\/","og_site_name":"\u00c9glise Adventiste Du Septieme Jour - Inter Am\u00e9rique Division","article_published_time":"2023-05-15T19:45:09+00:00","article_modified_time":"2023-05-17T17:17:04+00:00","og_image":[{"width":1280,"height":800,"url":"https:\/\/interamerica.org\/wp-content\/uploads\/2023\/05\/semu-pastors-studying-1280.jpg","type":"image\/jpeg"}],"author":"libna","twitter_card":"summary_large_image","twitter_misc":{"\u00c9crit par":"libna","Dur\u00e9e de lecture estim\u00e9e":"9 minutes"},"schema":{"@context":"https:\/\/schema.org","@graph":[{"@type":"Article","@id":"https:\/\/interamerica.org\/fr\/2023\/05\/au-mexique-les-pasteurs-locaux-dialoguent-et-recentrent-leur-ministere-pour-mieux-accomplir-la-mission\/#article","isPartOf":{"@id":"https:\/\/interamerica.org\/fr\/2023\/05\/au-mexique-les-pasteurs-locaux-dialoguent-et-recentrent-leur-ministere-pour-mieux-accomplir-la-mission\/"},"author":{"name":"libna","@id":"https:\/\/interamerica.org\/fr\/#\/schema\/person\/29998f2bc2d8bd0d38662909289b54f1"},"headline":"Au Mexique, les pasteurs locaux dialoguent et recentrent leur minist\u00e8re pour mieux accomplir la mission","datePublished":"2023-05-15T19:45:09+00:00","dateModified":"2023-05-17T17:17:04+00:00","mainEntityOfPage":{"@id":"https:\/\/interamerica.org\/fr\/2023\/05\/au-mexique-les-pasteurs-locaux-dialoguent-et-recentrent-leur-ministere-pour-mieux-accomplir-la-mission\/"},"wordCount":1719,"image":{"@id":"https:\/\/interamerica.org\/fr\/2023\/05\/au-mexique-les-pasteurs-locaux-dialoguent-et-recentrent-leur-ministere-pour-mieux-accomplir-la-mission\/#primaryimage"},"thumbnailUrl":"https:\/\/interamerica.org\/wp-content\/uploads\/2023\/05\/semu-pastors-studying-1280.jpg","articleSection":["Nouvelles du territoire","RSS Fran\u00e7ais"],"inLanguage":"fr-FR"},{"@type":"WebPage","@id":"https:\/\/interamerica.org\/fr\/2023\/05\/au-mexique-les-pasteurs-locaux-dialoguent-et-recentrent-leur-ministere-pour-mieux-accomplir-la-mission\/","url":"https:\/\/interamerica.org\/fr\/2023\/05\/au-mexique-les-pasteurs-locaux-dialoguent-et-recentrent-leur-ministere-pour-mieux-accomplir-la-mission\/","name":"Au Mexique, les pasteurs locaux dialoguent et recentrent leur minist\u00e8re pour mieux accomplir la mission - \u00c9glise Adventiste Du Septieme Jour - Inter Am\u00e9rique Division","isPartOf":{"@id":"https:\/\/interamerica.org\/fr\/#website"},"primaryImageOfPage":{"@id":"https:\/\/interamerica.org\/fr\/2023\/05\/au-mexique-les-pasteurs-locaux-dialoguent-et-recentrent-leur-ministere-pour-mieux-accomplir-la-mission\/#primaryimage"},"image":{"@id":"https:\/\/interamerica.org\/fr\/2023\/05\/au-mexique-les-pasteurs-locaux-dialoguent-et-recentrent-leur-ministere-pour-mieux-accomplir-la-mission\/#primaryimage"},"thumbnailUrl":"https:\/\/interamerica.org\/wp-content\/uploads\/2023\/05\/semu-pastors-studying-1280.jpg","datePublished":"2023-05-15T19:45:09+00:00","dateModified":"2023-05-17T17:17:04+00:00","author":{"@id":"https:\/\/interamerica.org\/fr\/#\/schema\/person\/29998f2bc2d8bd0d38662909289b54f1"},"breadcrumb":{"@id":"https:\/\/interamerica.org\/fr\/2023\/05\/au-mexique-les-pasteurs-locaux-dialoguent-et-recentrent-leur-ministere-pour-mieux-accomplir-la-mission\/#breadcrumb"},"inLanguage":"fr-FR","potentialAction":[{"@type":"ReadAction","target":["https:\/\/interamerica.org\/fr\/2023\/05\/au-mexique-les-pasteurs-locaux-dialoguent-et-recentrent-leur-ministere-pour-mieux-accomplir-la-mission\/"]}]},{"@type":"ImageObject","inLanguage":"fr-FR","@id":"https:\/\/interamerica.org\/fr\/2023\/05\/au-mexique-les-pasteurs-locaux-dialoguent-et-recentrent-leur-ministere-pour-mieux-accomplir-la-mission\/#primaryimage","url":"https:\/\/interamerica.org\/wp-content\/uploads\/2023\/05\/semu-pastors-studying-1280.jpg","contentUrl":"https:\/\/interamerica.org\/wp-content\/uploads\/2023\/05\/semu-pastors-studying-1280.jpg","width":1280,"height":800},{"@type":"BreadcrumbList","@id":"https:\/\/interamerica.org\/fr\/2023\/05\/au-mexique-les-pasteurs-locaux-dialoguent-et-recentrent-leur-ministere-pour-mieux-accomplir-la-mission\/#breadcrumb","itemListElement":[{"@type":"ListItem","position":1,"name":"Home","item":"https:\/\/interamerica.org\/fr\/"},{"@type":"ListItem","position":2,"name":"Au Mexique, les pasteurs locaux dialoguent et recentrent leur minist\u00e8re pour mieux accomplir la mission"}]},{"@type":"WebSite","@id":"https:\/\/interamerica.org\/fr\/#website","url":"https:\/\/interamerica.org\/fr\/","name":"\u00c9glise Adventiste Du Septieme Jour - Inter Am\u00e9rique Division","description":"","potentialAction":[{"@type":"SearchAction","target":{"@type":"EntryPoint","urlTemplate":"https:\/\/interamerica.org\/fr\/?s={search_term_string}"},"query-input":{"@type":"PropertyValueSpecification","valueRequired":true,"valueName":"search_term_string"}}],"inLanguage":"fr-FR"},{"@type":"Person","@id":"https:\/\/interamerica.org\/fr\/#\/schema\/person\/29998f2bc2d8bd0d38662909289b54f1","name":"libna","image":{"@type":"ImageObject","inLanguage":"fr-FR","@id":"https:\/\/secure.gravatar.com\/avatar\/7c5bd30ae4b47a9ba3c856590957fd1d96dc588bf3ac05719d247e126840331f?s=96&d=mm&r=g","url":"https:\/\/secure.gravatar.com\/avatar\/7c5bd30ae4b47a9ba3c856590957fd1d96dc588bf3ac05719d247e126840331f?s=96&d=mm&r=g","contentUrl":"https:\/\/secure.gravatar.com\/avatar\/7c5bd30ae4b47a9ba3c856590957fd1d96dc588bf3ac05719d247e126840331f?s=96&d=mm&r=g","caption":"libna"}}]}},"_links":{"self":[{"href":"https:\/\/interamerica.org\/fr\/wp-json\/wp\/v2\/posts\/98887","targetHints":{"allow":["GET"]}}],"collection":[{"href":"https:\/\/interamerica.org\/fr\/wp-json\/wp\/v2\/posts"}],"about":[{"href":"https:\/\/interamerica.org\/fr\/wp-json\/wp\/v2\/types\/post"}],"author":[{"embeddable":true,"href":"https:\/\/interamerica.org\/fr\/wp-json\/wp\/v2\/users\/3"}],"replies":[{"embeddable":true,"href":"https:\/\/interamerica.org\/fr\/wp-json\/wp\/v2\/comments?post=98887"}],"version-history":[{"count":0,"href":"https:\/\/interamerica.org\/fr\/wp-json\/wp\/v2\/posts\/98887\/revisions"}],"wp:featuredmedia":[{"embeddable":true,"href":"https:\/\/interamerica.org\/fr\/wp-json\/wp\/v2\/media\/98831"}],"wp:attachment":[{"href":"https:\/\/interamerica.org\/fr\/wp-json\/wp\/v2\/media?parent=98887"}],"wp:term":[{"taxonomy":"category","embeddable":true,"href":"https:\/\/interamerica.org\/fr\/wp-json\/wp\/v2\/categories?post=98887"},{"taxonomy":"post_tag","embeddable":true,"href":"https:\/\/interamerica.org\/fr\/wp-json\/wp\/v2\/tags?post=98887"}],"curies":[{"name":"wp","href":"https:\/\/api.w.org\/{rel}","templated":true}]}}