{"id":99356,"date":"2023-05-17T19:52:40","date_gmt":"2023-05-17T23:52:40","guid":{"rendered":"https:\/\/interamerica.org\/?p=99356"},"modified":"2023-05-18T15:43:08","modified_gmt":"2023-05-18T19:43:08","slug":"en-jamaique-la-banque-alimentaire-adventiste-sassocie-a-une-entreprise-pour-nourrir-les-necessiteux","status":"publish","type":"post","link":"https:\/\/interamerica.org\/fr\/2023\/05\/en-jamaique-la-banque-alimentaire-adventiste-sassocie-a-une-entreprise-pour-nourrir-les-necessiteux\/","title":{"rendered":"En Jama\u00efque, la banque alimentaire adventiste s\u2019associe \u00e0 une entreprise pour nourrir les n\u00e9cessiteux"},"content":{"rendered":"<p>17 Mai 2023 | Mont Salem, Saint-James | Nigel Coke et \u00e9quipe DIA<\/p>\n<p>L\u2019\u00c9glise adventiste du septi\u00e8me jour en Jama\u00efque, par le biais de sa banque alimentaire, s\u2019est engag\u00e9e dans un partenariat avec une soci\u00e9t\u00e9 de distribution, Derrimon Trading Ltd. (DTL), pour les aider dans la distribution de nourriture aux personnes dans le besoin \u00e0 travers le pays.<\/p>\n<p>Du 25 au 28 avril 2023, des denr\u00e9es alimentaires d\u2019une valeur de 35000 dollars am\u00e9ricains ont \u00e9t\u00e9 livr\u00e9es dans les cinq r\u00e9gions eccl\u00e9siales de l\u2019Ouest, du Centre, du Nord, du Nord-Est et de l\u2019Est de la Jama\u00efque pour \u00eatre distribu\u00e9es \u00e0 diverses communaut\u00e9s.<\/p>\n<p><div id=\"attachment_99307\" style=\"width: 950px\" class=\"wp-caption aligncenter\"><img fetchpriority=\"high\" decoding=\"async\" aria-describedby=\"caption-attachment-99307\" class=\"wp-image-99306\" src=\"https:\/\/interamerica.org\/wp-content\/uploads\/2023\/05\/jamu-e-brown-img-3802.jpg\" alt=\"\" width=\"940\" height=\"729\" srcset=\"https:\/\/interamerica.org\/wp-content\/uploads\/2023\/05\/jamu-e-brown-img-3802.jpg 940w, https:\/\/interamerica.org\/wp-content\/uploads\/2023\/05\/jamu-e-brown-img-3802-300x233.jpg 300w, https:\/\/interamerica.org\/wp-content\/uploads\/2023\/05\/jamu-e-brown-img-3802-768x596.jpg 768w\" sizes=\"(max-width: 940px) 100vw, 940px\" \/><p id=\"caption-attachment-99307\" class=\"wp-caption-text\">Pasteur Everett Brown (\u00e0 gauche), pr\u00e9sident de l\u2019\u00c9glise adventiste en Jama\u00efque, remet un sac Select Grocers contenant un \u00e9chantillon des denr\u00e9es alimentaires devant \u00eatre distribu\u00e9es dans toute la r\u00e9gion ouest de l\u2019\u00e9glise au pasteur Glen Samuels, pr\u00e9sident de l\u2019\u00c9glise adventiste dans la F\u00e9d\u00e9ration de l\u2019Ouest de la Jama\u00efque lors d\u2019une remise de produits alimentaires le 25 avril 2023. M. Leroy Dawkins (derri\u00e8re \u00e0 gauche), Manager Channel Trade, Derrimon Trading Ltd., et pasteur Vincent Rose, secr\u00e9taire ex\u00e9cutif de la f\u00e9d\u00e9ration regardent. [Photo : Nigel Coke\/DIA]<\/p><\/div>\u00ab Ce n\u2019est que le d\u00e9but de ce que nous esp\u00e9rons \u00eatre un excellent partenariat avec DTL, alors que nous cherchons \u00e0 aider \u00e0 r\u00e9duire la faim dans notre soci\u00e9t\u00e9, \u00bb a d\u00e9clar\u00e9 pasteur Levi Johnson, pr\u00e9sident de la banque alimentaire et secr\u00e9taire ex\u00e9cutif de l\u2019Union de la Jama\u00efque. \u00ab Le plan est de faire une distribution de nourriture tous les trois mois, puis \u00e0 mesure que nous recevons plus de contributions et de soutien, nous passerons \u00e0 une distribution mensuelle. \u00bb<\/p>\n<p>En plus des r\u00e9gions de l\u2019\u00c9glise, il y a eu une distribution \u00e0 l\u2019Universit\u00e9 du Nord de la Cara\u00efbe (NCU) et \u00e0 l\u2019\u00c9glise pour les Sourds \u00e0 Portmore, qui sont toutes deux g\u00e9r\u00e9es aussi par l\u2019\u00c9glise adventiste du septi\u00e8me jour.<\/p>\n<p>\u00ab La mission humanitaire de l\u2019\u00c9glise est une mission \u00e0 laquelle je suis profond\u00e9ment attach\u00e9 et qui est ancr\u00e9e dans le minist\u00e8re caritatif de J\u00e9sus, \u00bb a d\u00e9clar\u00e9 pasteur Johnson. \u00ab \u00catre ses mains et ses pieds est extraordinaire. Je suis passionn\u00e9 et c\u2019est avec humilit\u00e9 que j\u2019aide \u00e0 nourrir certaines des personnes les plus n\u00e9cessiteuses de la Jama\u00efque. \u00bb<\/p>\n<p>Leroy Dawkins, Channel Trade Manager pour DTL, a plaid\u00e9 aupr\u00e8s d\u2019autres entreprises lors d\u2019une s\u00e9ance de remise de produits au si\u00e8ge de la F\u00e9d\u00e9ration de l\u2019Ouest de la Jama\u00efque \u00e0 Montego Bay le 25 avril, pour qu\u2019elles participent au programme de distribution de nourriture avec la Banque Alimentaire.<\/p>\n<p><div id=\"attachment_99319\" style=\"width: 1034px\" class=\"wp-caption aligncenter\"><img decoding=\"async\" aria-describedby=\"caption-attachment-99319\" class=\"size-large wp-image-99318\" src=\"https:\/\/interamerica.org\/wp-content\/uploads\/2023\/05\/jamu-foodbank3-1-1024x697.jpg\" alt=\"\" width=\"1024\" height=\"697\" srcset=\"https:\/\/interamerica.org\/wp-content\/uploads\/2023\/05\/jamu-foodbank3-1-1024x697.jpg 1024w, https:\/\/interamerica.org\/wp-content\/uploads\/2023\/05\/jamu-foodbank3-1-300x204.jpg 300w, https:\/\/interamerica.org\/wp-content\/uploads\/2023\/05\/jamu-foodbank3-1-768x523.jpg 768w, https:\/\/interamerica.org\/wp-content\/uploads\/2023\/05\/jamu-foodbank3-1.jpg 1280w\" sizes=\"(max-width: 1024px) 100vw, 1024px\" \/><p id=\"caption-attachment-99319\" class=\"wp-caption-text\">De gauche \u00e0 droite : Pasteur Adrian Cotterell, Directeur de la Banque Alimentaire, Everett Brown, pr\u00e9sident de l\u2019\u00c9glise adventiste du septi\u00e8me jour en Jama\u00efque, M. Leroy Dawkins, Channel Trade Manager, Derrimon Trading Ltd, Pasteur Glen Samuels, pr\u00e9sident de l\u2019\u00c9glise adventiste du septi\u00e8me jour dans la r\u00e9gion ouest et pasteur Levi Johnson, pr\u00e9sident de la banque alimentaire, se tiennent derri\u00e8re des \u00e9chantillons des produits achet\u00e9s par l\u2019interm\u00e9diaire de la marque de DTL, Select Grocers, lors d\u2019une remise de produits le mardi 25 avril 2023 au si\u00e8ge de la F\u00e9d\u00e9ration de l\u2019Ouest de la Jama\u00efque. [Photo : Nigel Coke]<\/p><\/div>\u00ab Derrimon Trading Ltd. est ravie d\u2019\u00eatre dans ce partenariat avec l\u2019\u00c9glise adventiste du septi\u00e8me jour, \u00bb a d\u00e9clar\u00e9 Leroy Dawkins. \u00ab Je voudrais implorer et encourager les autres entreprises \u00e0 \u00eatre de bonnes entreprises citoyennes et \u00e0 se joindre \u00e0 nous et \u00e0 faire de m\u00eame, car si une peut nourrir mille, deux peuvent tr\u00e8s bien nourrir dix mille. \u00bb<\/p>\n<p>\u00ab Le partenariat avec Derrimon Trading Ltd. se pr\u00e9sente sous la forme d\u2019un pourcentage de remise sp\u00e9cial qui nous est accord\u00e9 sur une base trimestrielle conform\u00e9ment \u00e0 la distribution pr\u00e9vue qui se fait tous les trimestres (tous les trois mois), \u00bb a expliqu\u00e9 Levi Johnson.<\/p>\n<p>Le financement de l\u2019initiative a \u00e9galement \u00e9t\u00e9 recueilli aupr\u00e8s de membres des \u00e9glises locales et des ouvriers de l\u2019\u00e9glise, de l\u2019union et de donateurs locaux et \u00e9trangers, qui sont constants dans leurs dons, ce qui permet de soutenir la banque alimentaire, ont d\u00e9clar\u00e9 les dirigeants de l\u2019\u00e9glise.<\/p>\n<p>\u00ab Nous sommes entour\u00e9s d\u2019un certain nombre de r\u00e9gions dans le besoin, \u00bb a d\u00e9clar\u00e9 pasteur Glen Samuels, pr\u00e9sident de la r\u00e9gion ouest de l&rsquo;\u00e9glise. La r\u00e9gion de notre f\u00e9d\u00e9ration existe dans la zone qui a \u00e9t\u00e9 d\u00e9sign\u00e9e comme \u00e9tant la premi\u00e8re ZOSO (zone op\u00e9ration sp\u00e9ciale) et donc, nous avons Granville, Flankers, Norwood, Rose Heights, des zones telles que Railway Lane et Canterbury et des sections de Glendevon, o\u00f9 le besoin est toujours plus important que les provisions dont nous disposons. \u00bb<\/p>\n<p><div id=\"attachment_99310\" style=\"width: 960px\" class=\"wp-caption aligncenter\"><img decoding=\"async\" aria-describedby=\"caption-attachment-99310\" class=\"size-full wp-image-99309\" src=\"https:\/\/interamerica.org\/wp-content\/uploads\/2023\/05\/jamu-food-bank-img-3791.jpg\" alt=\"\" width=\"950\" height=\"682\" srcset=\"https:\/\/interamerica.org\/wp-content\/uploads\/2023\/05\/jamu-food-bank-img-3791.jpg 950w, https:\/\/interamerica.org\/wp-content\/uploads\/2023\/05\/jamu-food-bank-img-3791-300x215.jpg 300w, https:\/\/interamerica.org\/wp-content\/uploads\/2023\/05\/jamu-food-bank-img-3791-768x551.jpg 768w\" sizes=\"(max-width: 950px) 100vw, 950px\" \/><p id=\"caption-attachment-99310\" class=\"wp-caption-text\">Un groupe de dirigeants de l\u2019\u00e9glise pr\u00e9sente le partenariat entre la banque alimentaire de l\u2019\u00e9glise et Derrimon Trading Ltd. (DTL) qui aidera dans la distribution de nourriture aux personnes dans le besoin dans toute la Jama\u00efque. [Photo : Nigel Coke]<\/p><\/div>Depuis son lancement initial en septembre 2021, la banque alimentaire a eu un impact sur plus de 100000 vies, non seulement \u00e0 travers la distribution de nourriture, mais aussi par la remise de bons d\u2019achat et d\u2019appareils destin\u00e9s \u00e0 aider les personnes en situation de handicap.<\/p>\n<p>\u00ab Nous sommes conscients qu\u2019il y a un certain nombre d\u2019\u00e9l\u00e8ves dans nos \u00e9tablissements d\u2019enseignement primaire, secondaire et sup\u00e9rieur qui fr\u00e9quentent l\u2019\u00e9cole sans avoir un bon repas pour la journ\u00e9e, nous pr\u00e9voyons donc de mettre en place un financement pour certaines de ces \u00e9coles pour qu\u2019elles puissent proposer un d\u00e9jeuner chaque jour pendant la p\u00e9riode scolaire, \u00bb a d\u00e9clar\u00e9 pasteur Adrian Cotterell, coordinateur et secr\u00e9taire du conseil d\u2019administration de la Banque Alimentaire.<\/p>\n<p>\u00ab Nous continuons en tant que r\u00e9gion de f\u00e9d\u00e9ration \u00e0 offrir non seulement une \u00e9ducation aux enfants de nos ouvriers, mais plus encore, notre engagement est d\u2019aider tout jeune qui vient \u00e0 nous avec un besoin parce que notre minist\u00e8re consiste \u00e0 servir la communaut\u00e9, \u00bb a ajout\u00e9 pasteur Samuels. \u00ab \u00catre au service de la communaut\u00e9 est l\u2019un des domaines de service qui procure le plus de joie. L\u2019\u00e9glise se pr\u00e9pare \u00e0 servir les personnes en souffrance alors que Dieu nous pr\u00eate vie dans cette r\u00e9gion.<\/p>\n<p>La banque alimentaire appartient \u00e0 et est g\u00e9r\u00e9e par l\u2019\u00c9glise adventiste du septi\u00e8me jour en Jama\u00efque et poursuit le minist\u00e8re de compassion de J\u00e9sus en r\u00e9cup\u00e9rant et en distribuant de la nourriture aux personnes n\u00e9cessiteuses en Jama\u00efque.<\/p>\n<p>Traduction: Patrick Luciathe<\/p>\n","protected":false},"excerpt":{"rendered":"<p>17 Mai 2023 | Mont Salem, Saint-James | Nigel Coke et \u00e9quipe DIA L\u2019\u00c9glise adventiste du septi\u00e8me jour en Jama\u00efque, par le biais de sa banque alimentaire, s\u2019est engag\u00e9e dans&#8230;<\/p>\n","protected":false},"author":3,"featured_media":99307,"comment_status":"closed","ping_status":"closed","sticky":false,"template":"","format":"standard","meta":{"_acf_changed":false,"footnotes":""},"categories":[21,19],"tags":[],"class_list":["post-99356","post","type-post","status-publish","format-standard","has-post-thumbnail","hentry","category-nouvelles-du-territoire","category-rss-francais"],"acf":[],"yoast_head":"<!-- This site is optimized with the Yoast SEO plugin v27.3 - https:\/\/yoast.com\/product\/yoast-seo-wordpress\/ -->\n<title>En Jama\u00efque, la banque alimentaire adventiste s\u2019associe \u00e0 une entreprise pour nourrir les n\u00e9cessiteux - \u00c9glise Adventiste Du Septieme Jour - Inter Am\u00e9rique Division<\/title>\n<meta name=\"robots\" content=\"index, follow, max-snippet:-1, max-image-preview:large, max-video-preview:-1\" \/>\n<link rel=\"canonical\" href=\"https:\/\/interamerica.org\/fr\/2023\/05\/en-jamaique-la-banque-alimentaire-adventiste-sassocie-a-une-entreprise-pour-nourrir-les-necessiteux\/\" \/>\n<meta property=\"og:locale\" content=\"fr_FR\" \/>\n<meta property=\"og:type\" content=\"article\" \/>\n<meta property=\"og:title\" content=\"En Jama\u00efque, la banque alimentaire adventiste s\u2019associe \u00e0 une entreprise pour nourrir les n\u00e9cessiteux - \u00c9glise Adventiste Du Septieme Jour - Inter Am\u00e9rique Division\" \/>\n<meta property=\"og:description\" content=\"17 Mai 2023 | Mont Salem, Saint-James | Nigel Coke et \u00e9quipe DIA L\u2019\u00c9glise adventiste du septi\u00e8me jour en Jama\u00efque, par le biais de sa banque alimentaire, s\u2019est engag\u00e9e dans...\" \/>\n<meta property=\"og:url\" content=\"https:\/\/interamerica.org\/fr\/2023\/05\/en-jamaique-la-banque-alimentaire-adventiste-sassocie-a-une-entreprise-pour-nourrir-les-necessiteux\/\" \/>\n<meta property=\"og:site_name\" content=\"\u00c9glise Adventiste Du Septieme Jour - Inter Am\u00e9rique Division\" \/>\n<meta property=\"article:published_time\" content=\"2023-05-17T23:52:40+00:00\" \/>\n<meta property=\"article:modified_time\" content=\"2023-05-18T19:43:08+00:00\" \/>\n<meta property=\"og:image\" content=\"https:\/\/interamerica.org\/wp-content\/uploads\/2023\/05\/jamu-e-brown-img-3802.jpg\" \/>\n\t<meta property=\"og:image:width\" content=\"940\" \/>\n\t<meta property=\"og:image:height\" content=\"729\" \/>\n\t<meta property=\"og:image:type\" content=\"image\/jpeg\" \/>\n<meta name=\"author\" content=\"libna\" \/>\n<meta name=\"twitter:card\" content=\"summary_large_image\" \/>\n<meta name=\"twitter:label1\" content=\"\u00c9crit par\" \/>\n\t<meta name=\"twitter:data1\" content=\"libna\" \/>\n\t<meta name=\"twitter:label2\" content=\"Dur\u00e9e de lecture estim\u00e9e\" \/>\n\t<meta name=\"twitter:data2\" content=\"6 minutes\" \/>\n<script type=\"application\/ld+json\" class=\"yoast-schema-graph\">{\"@context\":\"https:\\\/\\\/schema.org\",\"@graph\":[{\"@type\":\"Article\",\"@id\":\"https:\\\/\\\/interamerica.org\\\/fr\\\/2023\\\/05\\\/en-jamaique-la-banque-alimentaire-adventiste-sassocie-a-une-entreprise-pour-nourrir-les-necessiteux\\\/#article\",\"isPartOf\":{\"@id\":\"https:\\\/\\\/interamerica.org\\\/fr\\\/2023\\\/05\\\/en-jamaique-la-banque-alimentaire-adventiste-sassocie-a-une-entreprise-pour-nourrir-les-necessiteux\\\/\"},\"author\":{\"name\":\"libna\",\"@id\":\"https:\\\/\\\/interamerica.org\\\/fr\\\/#\\\/schema\\\/person\\\/29998f2bc2d8bd0d38662909289b54f1\"},\"headline\":\"En Jama\u00efque, la banque alimentaire adventiste s\u2019associe \u00e0 une entreprise pour nourrir les n\u00e9cessiteux\",\"datePublished\":\"2023-05-17T23:52:40+00:00\",\"dateModified\":\"2023-05-18T19:43:08+00:00\",\"mainEntityOfPage\":{\"@id\":\"https:\\\/\\\/interamerica.org\\\/fr\\\/2023\\\/05\\\/en-jamaique-la-banque-alimentaire-adventiste-sassocie-a-une-entreprise-pour-nourrir-les-necessiteux\\\/\"},\"wordCount\":1172,\"image\":{\"@id\":\"https:\\\/\\\/interamerica.org\\\/fr\\\/2023\\\/05\\\/en-jamaique-la-banque-alimentaire-adventiste-sassocie-a-une-entreprise-pour-nourrir-les-necessiteux\\\/#primaryimage\"},\"thumbnailUrl\":\"https:\\\/\\\/interamerica.org\\\/wp-content\\\/uploads\\\/2023\\\/05\\\/jamu-e-brown-img-3802.jpg\",\"articleSection\":[\"Nouvelles du territoire\",\"RSS Fran\u00e7ais\"],\"inLanguage\":\"fr-FR\"},{\"@type\":\"WebPage\",\"@id\":\"https:\\\/\\\/interamerica.org\\\/fr\\\/2023\\\/05\\\/en-jamaique-la-banque-alimentaire-adventiste-sassocie-a-une-entreprise-pour-nourrir-les-necessiteux\\\/\",\"url\":\"https:\\\/\\\/interamerica.org\\\/fr\\\/2023\\\/05\\\/en-jamaique-la-banque-alimentaire-adventiste-sassocie-a-une-entreprise-pour-nourrir-les-necessiteux\\\/\",\"name\":\"En Jama\u00efque, la banque alimentaire adventiste s\u2019associe \u00e0 une entreprise pour nourrir les n\u00e9cessiteux - \u00c9glise Adventiste Du Septieme Jour - Inter Am\u00e9rique Division\",\"isPartOf\":{\"@id\":\"https:\\\/\\\/interamerica.org\\\/fr\\\/#website\"},\"primaryImageOfPage\":{\"@id\":\"https:\\\/\\\/interamerica.org\\\/fr\\\/2023\\\/05\\\/en-jamaique-la-banque-alimentaire-adventiste-sassocie-a-une-entreprise-pour-nourrir-les-necessiteux\\\/#primaryimage\"},\"image\":{\"@id\":\"https:\\\/\\\/interamerica.org\\\/fr\\\/2023\\\/05\\\/en-jamaique-la-banque-alimentaire-adventiste-sassocie-a-une-entreprise-pour-nourrir-les-necessiteux\\\/#primaryimage\"},\"thumbnailUrl\":\"https:\\\/\\\/interamerica.org\\\/wp-content\\\/uploads\\\/2023\\\/05\\\/jamu-e-brown-img-3802.jpg\",\"datePublished\":\"2023-05-17T23:52:40+00:00\",\"dateModified\":\"2023-05-18T19:43:08+00:00\",\"author\":{\"@id\":\"https:\\\/\\\/interamerica.org\\\/fr\\\/#\\\/schema\\\/person\\\/29998f2bc2d8bd0d38662909289b54f1\"},\"breadcrumb\":{\"@id\":\"https:\\\/\\\/interamerica.org\\\/fr\\\/2023\\\/05\\\/en-jamaique-la-banque-alimentaire-adventiste-sassocie-a-une-entreprise-pour-nourrir-les-necessiteux\\\/#breadcrumb\"},\"inLanguage\":\"fr-FR\",\"potentialAction\":[{\"@type\":\"ReadAction\",\"target\":[\"https:\\\/\\\/interamerica.org\\\/fr\\\/2023\\\/05\\\/en-jamaique-la-banque-alimentaire-adventiste-sassocie-a-une-entreprise-pour-nourrir-les-necessiteux\\\/\"]}]},{\"@type\":\"ImageObject\",\"inLanguage\":\"fr-FR\",\"@id\":\"https:\\\/\\\/interamerica.org\\\/fr\\\/2023\\\/05\\\/en-jamaique-la-banque-alimentaire-adventiste-sassocie-a-une-entreprise-pour-nourrir-les-necessiteux\\\/#primaryimage\",\"url\":\"https:\\\/\\\/interamerica.org\\\/wp-content\\\/uploads\\\/2023\\\/05\\\/jamu-e-brown-img-3802.jpg\",\"contentUrl\":\"https:\\\/\\\/interamerica.org\\\/wp-content\\\/uploads\\\/2023\\\/05\\\/jamu-e-brown-img-3802.jpg\",\"width\":940,\"height\":729,\"caption\":\"[Photo: Nigel Coke\\\/IAD]\"},{\"@type\":\"BreadcrumbList\",\"@id\":\"https:\\\/\\\/interamerica.org\\\/fr\\\/2023\\\/05\\\/en-jamaique-la-banque-alimentaire-adventiste-sassocie-a-une-entreprise-pour-nourrir-les-necessiteux\\\/#breadcrumb\",\"itemListElement\":[{\"@type\":\"ListItem\",\"position\":1,\"name\":\"Home\",\"item\":\"https:\\\/\\\/interamerica.org\\\/fr\\\/\"},{\"@type\":\"ListItem\",\"position\":2,\"name\":\"En Jama\u00efque, la banque alimentaire adventiste s\u2019associe \u00e0 une entreprise pour nourrir les n\u00e9cessiteux\"}]},{\"@type\":\"WebSite\",\"@id\":\"https:\\\/\\\/interamerica.org\\\/fr\\\/#website\",\"url\":\"https:\\\/\\\/interamerica.org\\\/fr\\\/\",\"name\":\"\u00c9glise Adventiste Du Septieme Jour - Inter Am\u00e9rique Division\",\"description\":\"\",\"potentialAction\":[{\"@type\":\"SearchAction\",\"target\":{\"@type\":\"EntryPoint\",\"urlTemplate\":\"https:\\\/\\\/interamerica.org\\\/fr\\\/?s={search_term_string}\"},\"query-input\":{\"@type\":\"PropertyValueSpecification\",\"valueRequired\":true,\"valueName\":\"search_term_string\"}}],\"inLanguage\":\"fr-FR\"},{\"@type\":\"Person\",\"@id\":\"https:\\\/\\\/interamerica.org\\\/fr\\\/#\\\/schema\\\/person\\\/29998f2bc2d8bd0d38662909289b54f1\",\"name\":\"libna\",\"image\":{\"@type\":\"ImageObject\",\"inLanguage\":\"fr-FR\",\"@id\":\"https:\\\/\\\/secure.gravatar.com\\\/avatar\\\/7c5bd30ae4b47a9ba3c856590957fd1d96dc588bf3ac05719d247e126840331f?s=96&d=mm&r=g\",\"url\":\"https:\\\/\\\/secure.gravatar.com\\\/avatar\\\/7c5bd30ae4b47a9ba3c856590957fd1d96dc588bf3ac05719d247e126840331f?s=96&d=mm&r=g\",\"contentUrl\":\"https:\\\/\\\/secure.gravatar.com\\\/avatar\\\/7c5bd30ae4b47a9ba3c856590957fd1d96dc588bf3ac05719d247e126840331f?s=96&d=mm&r=g\",\"caption\":\"libna\"}}]}<\/script>\n<!-- \/ Yoast SEO plugin. -->","yoast_head_json":{"title":"En Jama\u00efque, la banque alimentaire adventiste s\u2019associe \u00e0 une entreprise pour nourrir les n\u00e9cessiteux - \u00c9glise Adventiste Du Septieme Jour - Inter Am\u00e9rique Division","robots":{"index":"index","follow":"follow","max-snippet":"max-snippet:-1","max-image-preview":"max-image-preview:large","max-video-preview":"max-video-preview:-1"},"canonical":"https:\/\/interamerica.org\/fr\/2023\/05\/en-jamaique-la-banque-alimentaire-adventiste-sassocie-a-une-entreprise-pour-nourrir-les-necessiteux\/","og_locale":"fr_FR","og_type":"article","og_title":"En Jama\u00efque, la banque alimentaire adventiste s\u2019associe \u00e0 une entreprise pour nourrir les n\u00e9cessiteux - \u00c9glise Adventiste Du Septieme Jour - Inter Am\u00e9rique Division","og_description":"17 Mai 2023 | Mont Salem, Saint-James | Nigel Coke et \u00e9quipe DIA L\u2019\u00c9glise adventiste du septi\u00e8me jour en Jama\u00efque, par le biais de sa banque alimentaire, s\u2019est engag\u00e9e dans...","og_url":"https:\/\/interamerica.org\/fr\/2023\/05\/en-jamaique-la-banque-alimentaire-adventiste-sassocie-a-une-entreprise-pour-nourrir-les-necessiteux\/","og_site_name":"\u00c9glise Adventiste Du Septieme Jour - Inter Am\u00e9rique Division","article_published_time":"2023-05-17T23:52:40+00:00","article_modified_time":"2023-05-18T19:43:08+00:00","og_image":[{"width":940,"height":729,"url":"https:\/\/interamerica.org\/wp-content\/uploads\/2023\/05\/jamu-e-brown-img-3802.jpg","type":"image\/jpeg"}],"author":"libna","twitter_card":"summary_large_image","twitter_misc":{"\u00c9crit par":"libna","Dur\u00e9e de lecture estim\u00e9e":"6 minutes"},"schema":{"@context":"https:\/\/schema.org","@graph":[{"@type":"Article","@id":"https:\/\/interamerica.org\/fr\/2023\/05\/en-jamaique-la-banque-alimentaire-adventiste-sassocie-a-une-entreprise-pour-nourrir-les-necessiteux\/#article","isPartOf":{"@id":"https:\/\/interamerica.org\/fr\/2023\/05\/en-jamaique-la-banque-alimentaire-adventiste-sassocie-a-une-entreprise-pour-nourrir-les-necessiteux\/"},"author":{"name":"libna","@id":"https:\/\/interamerica.org\/fr\/#\/schema\/person\/29998f2bc2d8bd0d38662909289b54f1"},"headline":"En Jama\u00efque, la banque alimentaire adventiste s\u2019associe \u00e0 une entreprise pour nourrir les n\u00e9cessiteux","datePublished":"2023-05-17T23:52:40+00:00","dateModified":"2023-05-18T19:43:08+00:00","mainEntityOfPage":{"@id":"https:\/\/interamerica.org\/fr\/2023\/05\/en-jamaique-la-banque-alimentaire-adventiste-sassocie-a-une-entreprise-pour-nourrir-les-necessiteux\/"},"wordCount":1172,"image":{"@id":"https:\/\/interamerica.org\/fr\/2023\/05\/en-jamaique-la-banque-alimentaire-adventiste-sassocie-a-une-entreprise-pour-nourrir-les-necessiteux\/#primaryimage"},"thumbnailUrl":"https:\/\/interamerica.org\/wp-content\/uploads\/2023\/05\/jamu-e-brown-img-3802.jpg","articleSection":["Nouvelles du territoire","RSS Fran\u00e7ais"],"inLanguage":"fr-FR"},{"@type":"WebPage","@id":"https:\/\/interamerica.org\/fr\/2023\/05\/en-jamaique-la-banque-alimentaire-adventiste-sassocie-a-une-entreprise-pour-nourrir-les-necessiteux\/","url":"https:\/\/interamerica.org\/fr\/2023\/05\/en-jamaique-la-banque-alimentaire-adventiste-sassocie-a-une-entreprise-pour-nourrir-les-necessiteux\/","name":"En Jama\u00efque, la banque alimentaire adventiste s\u2019associe \u00e0 une entreprise pour nourrir les n\u00e9cessiteux - \u00c9glise Adventiste Du Septieme Jour - Inter Am\u00e9rique Division","isPartOf":{"@id":"https:\/\/interamerica.org\/fr\/#website"},"primaryImageOfPage":{"@id":"https:\/\/interamerica.org\/fr\/2023\/05\/en-jamaique-la-banque-alimentaire-adventiste-sassocie-a-une-entreprise-pour-nourrir-les-necessiteux\/#primaryimage"},"image":{"@id":"https:\/\/interamerica.org\/fr\/2023\/05\/en-jamaique-la-banque-alimentaire-adventiste-sassocie-a-une-entreprise-pour-nourrir-les-necessiteux\/#primaryimage"},"thumbnailUrl":"https:\/\/interamerica.org\/wp-content\/uploads\/2023\/05\/jamu-e-brown-img-3802.jpg","datePublished":"2023-05-17T23:52:40+00:00","dateModified":"2023-05-18T19:43:08+00:00","author":{"@id":"https:\/\/interamerica.org\/fr\/#\/schema\/person\/29998f2bc2d8bd0d38662909289b54f1"},"breadcrumb":{"@id":"https:\/\/interamerica.org\/fr\/2023\/05\/en-jamaique-la-banque-alimentaire-adventiste-sassocie-a-une-entreprise-pour-nourrir-les-necessiteux\/#breadcrumb"},"inLanguage":"fr-FR","potentialAction":[{"@type":"ReadAction","target":["https:\/\/interamerica.org\/fr\/2023\/05\/en-jamaique-la-banque-alimentaire-adventiste-sassocie-a-une-entreprise-pour-nourrir-les-necessiteux\/"]}]},{"@type":"ImageObject","inLanguage":"fr-FR","@id":"https:\/\/interamerica.org\/fr\/2023\/05\/en-jamaique-la-banque-alimentaire-adventiste-sassocie-a-une-entreprise-pour-nourrir-les-necessiteux\/#primaryimage","url":"https:\/\/interamerica.org\/wp-content\/uploads\/2023\/05\/jamu-e-brown-img-3802.jpg","contentUrl":"https:\/\/interamerica.org\/wp-content\/uploads\/2023\/05\/jamu-e-brown-img-3802.jpg","width":940,"height":729,"caption":"[Photo: Nigel Coke\/IAD]"},{"@type":"BreadcrumbList","@id":"https:\/\/interamerica.org\/fr\/2023\/05\/en-jamaique-la-banque-alimentaire-adventiste-sassocie-a-une-entreprise-pour-nourrir-les-necessiteux\/#breadcrumb","itemListElement":[{"@type":"ListItem","position":1,"name":"Home","item":"https:\/\/interamerica.org\/fr\/"},{"@type":"ListItem","position":2,"name":"En Jama\u00efque, la banque alimentaire adventiste s\u2019associe \u00e0 une entreprise pour nourrir les n\u00e9cessiteux"}]},{"@type":"WebSite","@id":"https:\/\/interamerica.org\/fr\/#website","url":"https:\/\/interamerica.org\/fr\/","name":"\u00c9glise Adventiste Du Septieme Jour - Inter Am\u00e9rique Division","description":"","potentialAction":[{"@type":"SearchAction","target":{"@type":"EntryPoint","urlTemplate":"https:\/\/interamerica.org\/fr\/?s={search_term_string}"},"query-input":{"@type":"PropertyValueSpecification","valueRequired":true,"valueName":"search_term_string"}}],"inLanguage":"fr-FR"},{"@type":"Person","@id":"https:\/\/interamerica.org\/fr\/#\/schema\/person\/29998f2bc2d8bd0d38662909289b54f1","name":"libna","image":{"@type":"ImageObject","inLanguage":"fr-FR","@id":"https:\/\/secure.gravatar.com\/avatar\/7c5bd30ae4b47a9ba3c856590957fd1d96dc588bf3ac05719d247e126840331f?s=96&d=mm&r=g","url":"https:\/\/secure.gravatar.com\/avatar\/7c5bd30ae4b47a9ba3c856590957fd1d96dc588bf3ac05719d247e126840331f?s=96&d=mm&r=g","contentUrl":"https:\/\/secure.gravatar.com\/avatar\/7c5bd30ae4b47a9ba3c856590957fd1d96dc588bf3ac05719d247e126840331f?s=96&d=mm&r=g","caption":"libna"}}]}},"_links":{"self":[{"href":"https:\/\/interamerica.org\/fr\/wp-json\/wp\/v2\/posts\/99356","targetHints":{"allow":["GET"]}}],"collection":[{"href":"https:\/\/interamerica.org\/fr\/wp-json\/wp\/v2\/posts"}],"about":[{"href":"https:\/\/interamerica.org\/fr\/wp-json\/wp\/v2\/types\/post"}],"author":[{"embeddable":true,"href":"https:\/\/interamerica.org\/fr\/wp-json\/wp\/v2\/users\/3"}],"replies":[{"embeddable":true,"href":"https:\/\/interamerica.org\/fr\/wp-json\/wp\/v2\/comments?post=99356"}],"version-history":[{"count":0,"href":"https:\/\/interamerica.org\/fr\/wp-json\/wp\/v2\/posts\/99356\/revisions"}],"wp:featuredmedia":[{"embeddable":true,"href":"https:\/\/interamerica.org\/fr\/wp-json\/wp\/v2\/media\/99307"}],"wp:attachment":[{"href":"https:\/\/interamerica.org\/fr\/wp-json\/wp\/v2\/media?parent=99356"}],"wp:term":[{"taxonomy":"category","embeddable":true,"href":"https:\/\/interamerica.org\/fr\/wp-json\/wp\/v2\/categories?post=99356"},{"taxonomy":"post_tag","embeddable":true,"href":"https:\/\/interamerica.org\/fr\/wp-json\/wp\/v2\/tags?post=99356"}],"curies":[{"name":"wp","href":"https:\/\/api.w.org\/{rel}","templated":true}]}}