{"id":99357,"date":"2023-05-18T12:59:51","date_gmt":"2023-05-18T16:59:51","guid":{"rendered":"https:\/\/interamerica.org\/?p=99357"},"modified":"2023-05-18T15:43:51","modified_gmt":"2023-05-18T19:43:51","slug":"une-initiative-adventiste-permet-a-400-jeunes-de-terminer-un-programme-pour-la-reduction-de-la-criminalite-a-sainte-lucie","status":"publish","type":"post","link":"https:\/\/interamerica.org\/fr\/2023\/05\/une-initiative-adventiste-permet-a-400-jeunes-de-terminer-un-programme-pour-la-reduction-de-la-criminalite-a-sainte-lucie\/","title":{"rendered":"Une initiative adventiste permet \u00e0 400 jeunes de terminer un programme pour la r\u00e9duction de la criminalit\u00e9 \u00e0 Sainte-Lucie"},"content":{"rendered":"<p>18 Mai 2023 | Castries, Sainte-Lucie | Personnel de l\u2019Union Carib\u00e9enne et personnel de la DIA<\/p>\n<p>Quatre cents \u00e9l\u00e8ves de six \u00e9coles secondaires et six \u00e9tablissements p\u00e9nitentiaires de Sainte-Lucie ont r\u00e9cemment termin\u00e9 le 22 avril 2023 le programme dirig\u00e9 par l\u2019\u00e9glise intitul\u00e9 <em>Projet ARR\u00caTE &amp; R\u00c9FL\u00c9CHIS<\/em> (STOP \u2018n\u2019 THINK) qui a pour objectif la r\u00e9duction de la criminalit\u00e9.<\/p>\n<p>Le <em>Projet ARR\u00caTE &amp; R\u00c9FL\u00c9CHIS <\/em> est la r\u00e9ponse apport\u00e9e par l\u2019\u00c9glise adventiste pour aider le gouvernement de Sainte-Lucie \u00e0 lutter contre le taux de criminalit\u00e9 croissant sur l\u2019\u00eele, ont d\u00e9clar\u00e9 les dirigeants de l\u2019\u00e9glise. Le programme de trois mois a \u00e9t\u00e9 con\u00e7u pour \u00e9duquer et sensibiliser les individus, en particulier les jeunes, aux cons\u00e9quences de leurs actes et \u00e0 l\u2019impact de la criminalit\u00e9 sur la soci\u00e9t\u00e9.<\/p>\n<p>Apr\u00e8s qu\u2019une s\u00e9rie d\u2019homicides se soit produits dans la ville de Vieux Fort, dans la partie sud de l\u2019\u00eele en mars, le gouvernement a mis en place des patrouilles de police 24 heures sur 24 en r\u00e9ponse \u00e0 sept meurtres par armes \u00e0 feu, pour amener la soci\u00e9t\u00e9 civile et les chefs d\u2019entreprise \u00e0 r\u00e9fl\u00e9chir \u00e0 de possibles solutions au probl\u00e8me, alors m\u00eame que les \u00eeles voisines appelaient \u00e0 la paix sur l\u2019\u00eele, a expliqu\u00e9 Dr Neals Chitan, directeur des minist\u00e8res de la famille de la Mission de Sainte-Lucie et sp\u00e9cialiste de la r\u00e9duction de la criminalit\u00e9 intervenant dans le programme g\u00e9r\u00e9 par l\u2019\u00e9glise.<\/p>\n<p><div id=\"attachment_99327\" style=\"width: 1010px\" class=\"wp-caption aligncenter\"><img fetchpriority=\"high\" decoding=\"async\" aria-describedby=\"caption-attachment-99327\" class=\"size-full wp-image-99326\" src=\"https:\/\/interamerica.org\/wp-content\/uploads\/2023\/05\/st-lucia-youth-crime-program-rev.png\" alt=\"\" width=\"1000\" height=\"625\" srcset=\"https:\/\/interamerica.org\/wp-content\/uploads\/2023\/05\/st-lucia-youth-crime-program-rev.png 1000w, https:\/\/interamerica.org\/wp-content\/uploads\/2023\/05\/st-lucia-youth-crime-program-rev-300x188.png 300w, https:\/\/interamerica.org\/wp-content\/uploads\/2023\/05\/st-lucia-youth-crime-program-rev-768x480.png 768w\" sizes=\"(max-width: 1000px) 100vw, 1000px\" \/><p id=\"caption-attachment-99327\" class=\"wp-caption-text\">Une partie des 400 personnes qui ont termin\u00e9 l\u2019initiative de pr\u00e9vention du crime \u00ab Projet ARR\u00caTE &amp; R\u00c9FL\u00c9CHIS \u00bb parrain\u00e9e par la Mission Adventiste du septi\u00e8me jour de Sainte-Lucie le 22 avril 2023. [Photo : Mission de Sainte-Lucie]<\/p><\/div>Le ministre de l\u2019\u00c9quit\u00e9, de la Justice Sociale et de la Responsabilisation, Joachim Henry, avait appel\u00e9 les membres des communaut\u00e9s religieuses en 2022 \u00e0 \u00ab sortir de leurs bancs et \u00e0 s\u2019impliquer \u00bb dans la transformation sociale de leur nation insulaire compte tenu de la forte augmentation des homicides. En 2021, Sainte-Lucie a enregistr\u00e9 74 meurtres, un record \u00e0 l\u2019\u00e9poque. L\u2019augmentation qui a fait passer ce chiffre \u00e0 76 meurtres en 2022 signifiait que le pays avait battu son record d\u2019homicides pour la deuxi\u00e8me ann\u00e9e cons\u00e9cutive.<\/p>\n<p>\u00ab Nous devions faire quelque chose pour soutenir nos communaut\u00e9s, \u00bb a d\u00e9clar\u00e9 Caius Alfred, directeur des minist\u00e8res de la famille pour la Mission de Sainte-Lucie. \u00ab Conscient de l\u2019\u00e9tat de la criminalit\u00e9 dans notre communaut\u00e9, le pr\u00e9sident Roger Stephen a demand\u00e9 que nous, en tant qu\u2019\u00e9glise, r\u00e9agissions en soutenant l\u2019\u00e9tat dans la lutte contre la situation de la criminalit\u00e9 sur l\u2019\u00eele, \u00bb a-t-il d\u00e9clar\u00e9. \u00ab L\u2019\u00e9glise s\u2019int\u00e9resse non seulement au salut des individus, mais aussi au d\u00e9veloppement holistique de tous les \u00eatres humains et, dans la mesure du possible, nous nous associons \u00e0 des organisations non gouvernementales et au gouvernement pour aider \u00e0 faire une diff\u00e9rence. \u00bb<\/p>\n<p>Selon Dr Chitan, le programme d\u2019intervention ciblait la plupart des communaut\u00e9s jug\u00e9es dangereuses en raison de la violence des gangs et des crimes, en s\u2019attaquant notamment aux causes profondes de la criminalit\u00e9 &#8211; la pauvret\u00e9, le manque d\u2019\u00e9ducation et le ch\u00f4mage, et en se concentrant sur la promotion d\u2019un comportement positif, le renforcement de l\u2019estime de soi et l\u2019offre de formation professionnelle et de possibilit\u00e9s de stages.<\/p>\n<p><div id=\"attachment_99334\" style=\"width: 1010px\" class=\"wp-caption aligncenter\"><img decoding=\"async\" aria-describedby=\"caption-attachment-99334\" class=\"size-full wp-image-99333\" src=\"https:\/\/interamerica.org\/wp-content\/uploads\/2023\/05\/st-lucia-dr-chitan.jpg\" alt=\"\" width=\"1000\" height=\"625\" srcset=\"https:\/\/interamerica.org\/wp-content\/uploads\/2023\/05\/st-lucia-dr-chitan.jpg 1000w, https:\/\/interamerica.org\/wp-content\/uploads\/2023\/05\/st-lucia-dr-chitan-300x188.jpg 300w, https:\/\/interamerica.org\/wp-content\/uploads\/2023\/05\/st-lucia-dr-chitan-768x480.jpg 768w\" sizes=\"(max-width: 1000px) 100vw, 1000px\" \/><p id=\"caption-attachment-99334\" class=\"wp-caption-text\">Dr Neals Chitan, directeur des minist\u00e8res de la famille pour la Mission de Sainte-Lucie et sp\u00e9cialiste de la r\u00e9duction du crime, intervient lors de la c\u00e9r\u00e9monie sp\u00e9ciale au cours de laquelle les participants \u00e0 l\u2019initiative de pr\u00e9vention du crime ont \u00e9t\u00e9 f\u00e9licit\u00e9s pour avoir termin\u00e9 le programme de formation de trois mois dirig\u00e9 par l\u2019\u00e9glise. [Photo : Mission de Sainte-Lucie]<\/p><\/div>\u00ab Nous d\u00e9bloquons des strat\u00e9gies pour aider les individus, les familles et les communaut\u00e9s \u00e0 faire face \u00e0 un certain nombre de probl\u00e8mes de comportement et de tendances criminelles, \u00bb a d\u00e9clar\u00e9 Neals Chitan. Il existe un grave danger que ces \u00e9v\u00e9nements soient accept\u00e9s comme \u00e9tant la norme, a-t-il expliqu\u00e9. \u00ab Il n\u2019y a pas suffisamment de r\u00e9actions d\u2019indignation dans nos communaut\u00e9s et il semble m\u00eame y avoir parfois de l\u2019amusement de la part d\u2019individus mal avis\u00e9s sur les r\u00e9seaux sociaux, \u00bb a-t-il d\u00e9clar\u00e9.<\/p>\n<p>L\u2019initiative offrait un environnement s\u00fbr et encourageant pour que les participants s\u2019engagent dans des activit\u00e9s \u00e9ducatives, r\u00e9cr\u00e9atives et sociales, ce qui contribuait \u00e0 les \u00e9loigner du crime et de la violence, a dit Dr Chitan.<\/p>\n<p>De plus, l\u2019\u00e9glise a \u00e9tabli un partenariat avec d\u2019autres organisations communautaires, les forces de l\u2019ordre et le gouvernement pour proposer une approche holistique de la pr\u00e9vention du crime.<\/p>\n<p>Selon les organisateurs, le programme consistait en des s\u00e9ances d\u2019acquisition de comp\u00e9tences sociales prenantes et \u00e0 fort impact, con\u00e7ues pour r\u00e9duire consid\u00e9rablement le taux de criminalit\u00e9 et de violence, l\u2019absent\u00e9isme scolaire, les confrontations irrespectueuses, les repr\u00e9sailles et d\u2019autres dysfonctionnements sociaux dans les communaut\u00e9s cibl\u00e9es.<\/p>\n<p><div id=\"attachment_99330\" style=\"width: 1010px\" class=\"wp-caption aligncenter\"><img decoding=\"async\" aria-describedby=\"caption-attachment-99330\" class=\"size-full wp-image-99329\" src=\"https:\/\/interamerica.org\/wp-content\/uploads\/2023\/05\/st-lucia-crime-program2.png\" alt=\"\" width=\"1000\" height=\"625\" srcset=\"https:\/\/interamerica.org\/wp-content\/uploads\/2023\/05\/st-lucia-crime-program2.png 1000w, https:\/\/interamerica.org\/wp-content\/uploads\/2023\/05\/st-lucia-crime-program2-300x188.png 300w, https:\/\/interamerica.org\/wp-content\/uploads\/2023\/05\/st-lucia-crime-program2-768x480.png 768w\" sizes=\"(max-width: 1000px) 100vw, 1000px\" \/><p id=\"caption-attachment-99330\" class=\"wp-caption-text\">Des repr\u00e9sentants d\u2019organisations civiques et du d\u00e9partement gouvernemental responsable de l\u2019intervention contre la criminalit\u00e9 \u00e9taient pr\u00e9sents lors du programme de l\u2019apr\u00e8s-midi pour apporter leur soutien et donner voix \u00e0 l\u2019initiative de la Mission de Sainte-Lucie visant \u00e0 faire face \u00e0 la situation de l\u2019ile en mati\u00e8re de criminalit\u00e9. [Photo : Mission de Sainte-Lucie]<\/p><\/div>L\u2019un des participants, Dwane, a t\u00e9moign\u00e9 avoir v\u00e9cu une exp\u00e9rience qui a transform\u00e9 sa vie lors des sessions. \u00ab Je ne savais pas que ma vie allait changer, \u00bb a-t-il d\u00e9clar\u00e9. \u00ab Apr\u00e8s 30 minutes pass\u00e9es dans la session, j\u2019ai d\u00fb prendre la d\u00e9cision de changer de vie ou de continuer sur l\u2019ancienne voie. Si les gens acceptaient le cadeau offert par Dr Chitan, je suis s\u00fbr \u00e0 100 pour cent que tous les types de crimes seraient consid\u00e9rablement r\u00e9duits, \u00bb a d\u00e9clar\u00e9 Dwane. Avant la fin des sessions, Dwane a d\u00e9clar\u00e9 que ses perspectives \u00e9taient diff\u00e9rentes et que ses notes avaient de nouveau augment\u00e9.<\/p>\n<p>Dr Chitan a d\u00e9clar\u00e9 que l\u2019objectif est de former un club \u00ab ARR\u00caTE &amp; R\u00c9FL\u00c9CHIS \u00bb qui apportera un soutien continu aux jeunes vuln\u00e9rables et \u00e0 risque.<\/p>\n<p>Il y a pr\u00e8s de 15000 adventistes du septi\u00e8me jour qui se r\u00e9unissent pour adorer dans 44 \u00e9glises et groupes \u00e0 Sainte-Lucie. L\u2019\u00e9glise g\u00e8re une station de radio, trois \u00e9coles primaires et une \u00e9cole secondaire.<\/p>\n<p>Pour en savoir plus sur l\u2019\u00c9glise adventiste \u00e0 Sainte-Lucie, visitez le site <a href=\"https:\/\/stluciaadventist.org\/\">stluciaadventist.org<\/a><\/p>\n<p>Traduction: Patrick Luciathe<\/p>\n","protected":false},"excerpt":{"rendered":"<p>18 Mai 2023 | Castries, Sainte-Lucie | Personnel de l\u2019Union Carib\u00e9enne et personnel de la DIA Quatre cents \u00e9l\u00e8ves de six \u00e9coles secondaires et six \u00e9tablissements p\u00e9nitentiaires de Sainte-Lucie ont&#8230;<\/p>\n","protected":false},"author":3,"featured_media":99330,"comment_status":"closed","ping_status":"closed","sticky":false,"template":"","format":"standard","meta":{"_acf_changed":false,"footnotes":""},"categories":[21,19],"tags":[],"class_list":["post-99357","post","type-post","status-publish","format-standard","has-post-thumbnail","hentry","category-nouvelles-du-territoire","category-rss-francais"],"acf":[],"yoast_head":"<!-- This site is optimized with the Yoast SEO plugin v27.3 - https:\/\/yoast.com\/product\/yoast-seo-wordpress\/ -->\n<title>Une initiative adventiste permet \u00e0 400 jeunes de terminer un programme pour la r\u00e9duction de la criminalit\u00e9 \u00e0 Sainte-Lucie - \u00c9glise Adventiste Du Septieme Jour - Inter Am\u00e9rique Division<\/title>\n<meta name=\"robots\" content=\"index, follow, max-snippet:-1, max-image-preview:large, max-video-preview:-1\" \/>\n<link rel=\"canonical\" href=\"https:\/\/interamerica.org\/fr\/2023\/05\/une-initiative-adventiste-permet-a-400-jeunes-de-terminer-un-programme-pour-la-reduction-de-la-criminalite-a-sainte-lucie\/\" \/>\n<meta property=\"og:locale\" content=\"fr_FR\" \/>\n<meta property=\"og:type\" content=\"article\" \/>\n<meta property=\"og:title\" content=\"Une initiative adventiste permet \u00e0 400 jeunes de terminer un programme pour la r\u00e9duction de la criminalit\u00e9 \u00e0 Sainte-Lucie - \u00c9glise Adventiste Du Septieme Jour - Inter Am\u00e9rique Division\" \/>\n<meta property=\"og:description\" content=\"18 Mai 2023 | Castries, Sainte-Lucie | Personnel de l\u2019Union Carib\u00e9enne et personnel de la DIA Quatre cents \u00e9l\u00e8ves de six \u00e9coles secondaires et six \u00e9tablissements p\u00e9nitentiaires de Sainte-Lucie ont...\" \/>\n<meta property=\"og:url\" content=\"https:\/\/interamerica.org\/fr\/2023\/05\/une-initiative-adventiste-permet-a-400-jeunes-de-terminer-un-programme-pour-la-reduction-de-la-criminalite-a-sainte-lucie\/\" \/>\n<meta property=\"og:site_name\" content=\"\u00c9glise Adventiste Du Septieme Jour - Inter Am\u00e9rique Division\" \/>\n<meta property=\"article:published_time\" content=\"2023-05-18T16:59:51+00:00\" \/>\n<meta property=\"article:modified_time\" content=\"2023-05-18T19:43:51+00:00\" \/>\n<meta property=\"og:image\" content=\"https:\/\/interamerica.org\/wp-content\/uploads\/2023\/05\/st-lucia-crime-program2.png\" \/>\n\t<meta property=\"og:image:width\" content=\"1000\" \/>\n\t<meta property=\"og:image:height\" content=\"625\" \/>\n\t<meta property=\"og:image:type\" content=\"image\/png\" \/>\n<meta name=\"author\" content=\"libna\" \/>\n<meta name=\"twitter:card\" content=\"summary_large_image\" \/>\n<meta name=\"twitter:label1\" content=\"\u00c9crit par\" \/>\n\t<meta name=\"twitter:data1\" content=\"libna\" \/>\n\t<meta name=\"twitter:label2\" content=\"Dur\u00e9e de lecture estim\u00e9e\" \/>\n\t<meta name=\"twitter:data2\" content=\"5 minutes\" \/>\n<script type=\"application\/ld+json\" class=\"yoast-schema-graph\">{\"@context\":\"https:\\\/\\\/schema.org\",\"@graph\":[{\"@type\":\"Article\",\"@id\":\"https:\\\/\\\/interamerica.org\\\/fr\\\/2023\\\/05\\\/une-initiative-adventiste-permet-a-400-jeunes-de-terminer-un-programme-pour-la-reduction-de-la-criminalite-a-sainte-lucie\\\/#article\",\"isPartOf\":{\"@id\":\"https:\\\/\\\/interamerica.org\\\/fr\\\/2023\\\/05\\\/une-initiative-adventiste-permet-a-400-jeunes-de-terminer-un-programme-pour-la-reduction-de-la-criminalite-a-sainte-lucie\\\/\"},\"author\":{\"name\":\"libna\",\"@id\":\"https:\\\/\\\/interamerica.org\\\/fr\\\/#\\\/schema\\\/person\\\/29998f2bc2d8bd0d38662909289b54f1\"},\"headline\":\"Une initiative adventiste permet \u00e0 400 jeunes de terminer un programme pour la r\u00e9duction de la criminalit\u00e9 \u00e0 Sainte-Lucie\",\"datePublished\":\"2023-05-18T16:59:51+00:00\",\"dateModified\":\"2023-05-18T19:43:51+00:00\",\"mainEntityOfPage\":{\"@id\":\"https:\\\/\\\/interamerica.org\\\/fr\\\/2023\\\/05\\\/une-initiative-adventiste-permet-a-400-jeunes-de-terminer-un-programme-pour-la-reduction-de-la-criminalite-a-sainte-lucie\\\/\"},\"wordCount\":1155,\"image\":{\"@id\":\"https:\\\/\\\/interamerica.org\\\/fr\\\/2023\\\/05\\\/une-initiative-adventiste-permet-a-400-jeunes-de-terminer-un-programme-pour-la-reduction-de-la-criminalite-a-sainte-lucie\\\/#primaryimage\"},\"thumbnailUrl\":\"https:\\\/\\\/interamerica.org\\\/wp-content\\\/uploads\\\/2023\\\/05\\\/st-lucia-crime-program2.png\",\"articleSection\":[\"Nouvelles du territoire\",\"RSS Fran\u00e7ais\"],\"inLanguage\":\"fr-FR\"},{\"@type\":\"WebPage\",\"@id\":\"https:\\\/\\\/interamerica.org\\\/fr\\\/2023\\\/05\\\/une-initiative-adventiste-permet-a-400-jeunes-de-terminer-un-programme-pour-la-reduction-de-la-criminalite-a-sainte-lucie\\\/\",\"url\":\"https:\\\/\\\/interamerica.org\\\/fr\\\/2023\\\/05\\\/une-initiative-adventiste-permet-a-400-jeunes-de-terminer-un-programme-pour-la-reduction-de-la-criminalite-a-sainte-lucie\\\/\",\"name\":\"Une initiative adventiste permet \u00e0 400 jeunes de terminer un programme pour la r\u00e9duction de la criminalit\u00e9 \u00e0 Sainte-Lucie - \u00c9glise Adventiste Du Septieme Jour - Inter Am\u00e9rique Division\",\"isPartOf\":{\"@id\":\"https:\\\/\\\/interamerica.org\\\/fr\\\/#website\"},\"primaryImageOfPage\":{\"@id\":\"https:\\\/\\\/interamerica.org\\\/fr\\\/2023\\\/05\\\/une-initiative-adventiste-permet-a-400-jeunes-de-terminer-un-programme-pour-la-reduction-de-la-criminalite-a-sainte-lucie\\\/#primaryimage\"},\"image\":{\"@id\":\"https:\\\/\\\/interamerica.org\\\/fr\\\/2023\\\/05\\\/une-initiative-adventiste-permet-a-400-jeunes-de-terminer-un-programme-pour-la-reduction-de-la-criminalite-a-sainte-lucie\\\/#primaryimage\"},\"thumbnailUrl\":\"https:\\\/\\\/interamerica.org\\\/wp-content\\\/uploads\\\/2023\\\/05\\\/st-lucia-crime-program2.png\",\"datePublished\":\"2023-05-18T16:59:51+00:00\",\"dateModified\":\"2023-05-18T19:43:51+00:00\",\"author\":{\"@id\":\"https:\\\/\\\/interamerica.org\\\/fr\\\/#\\\/schema\\\/person\\\/29998f2bc2d8bd0d38662909289b54f1\"},\"breadcrumb\":{\"@id\":\"https:\\\/\\\/interamerica.org\\\/fr\\\/2023\\\/05\\\/une-initiative-adventiste-permet-a-400-jeunes-de-terminer-un-programme-pour-la-reduction-de-la-criminalite-a-sainte-lucie\\\/#breadcrumb\"},\"inLanguage\":\"fr-FR\",\"potentialAction\":[{\"@type\":\"ReadAction\",\"target\":[\"https:\\\/\\\/interamerica.org\\\/fr\\\/2023\\\/05\\\/une-initiative-adventiste-permet-a-400-jeunes-de-terminer-un-programme-pour-la-reduction-de-la-criminalite-a-sainte-lucie\\\/\"]}]},{\"@type\":\"ImageObject\",\"inLanguage\":\"fr-FR\",\"@id\":\"https:\\\/\\\/interamerica.org\\\/fr\\\/2023\\\/05\\\/une-initiative-adventiste-permet-a-400-jeunes-de-terminer-un-programme-pour-la-reduction-de-la-criminalite-a-sainte-lucie\\\/#primaryimage\",\"url\":\"https:\\\/\\\/interamerica.org\\\/wp-content\\\/uploads\\\/2023\\\/05\\\/st-lucia-crime-program2.png\",\"contentUrl\":\"https:\\\/\\\/interamerica.org\\\/wp-content\\\/uploads\\\/2023\\\/05\\\/st-lucia-crime-program2.png\",\"width\":1000,\"height\":625,\"caption\":\"Representatives from civic organizations and government department responsible for crime intervention were present during the afternoon program to lend their support and give voice to the initiative of the St. Lucia Mission to deal with the crime situation on the island. [Photo: St. Lucia Mission]\"},{\"@type\":\"BreadcrumbList\",\"@id\":\"https:\\\/\\\/interamerica.org\\\/fr\\\/2023\\\/05\\\/une-initiative-adventiste-permet-a-400-jeunes-de-terminer-un-programme-pour-la-reduction-de-la-criminalite-a-sainte-lucie\\\/#breadcrumb\",\"itemListElement\":[{\"@type\":\"ListItem\",\"position\":1,\"name\":\"Home\",\"item\":\"https:\\\/\\\/interamerica.org\\\/fr\\\/\"},{\"@type\":\"ListItem\",\"position\":2,\"name\":\"Une initiative adventiste permet \u00e0 400 jeunes de terminer un programme pour la r\u00e9duction de la criminalit\u00e9 \u00e0 Sainte-Lucie\"}]},{\"@type\":\"WebSite\",\"@id\":\"https:\\\/\\\/interamerica.org\\\/fr\\\/#website\",\"url\":\"https:\\\/\\\/interamerica.org\\\/fr\\\/\",\"name\":\"\u00c9glise Adventiste Du Septieme Jour - Inter Am\u00e9rique Division\",\"description\":\"\",\"potentialAction\":[{\"@type\":\"SearchAction\",\"target\":{\"@type\":\"EntryPoint\",\"urlTemplate\":\"https:\\\/\\\/interamerica.org\\\/fr\\\/?s={search_term_string}\"},\"query-input\":{\"@type\":\"PropertyValueSpecification\",\"valueRequired\":true,\"valueName\":\"search_term_string\"}}],\"inLanguage\":\"fr-FR\"},{\"@type\":\"Person\",\"@id\":\"https:\\\/\\\/interamerica.org\\\/fr\\\/#\\\/schema\\\/person\\\/29998f2bc2d8bd0d38662909289b54f1\",\"name\":\"libna\",\"image\":{\"@type\":\"ImageObject\",\"inLanguage\":\"fr-FR\",\"@id\":\"https:\\\/\\\/secure.gravatar.com\\\/avatar\\\/7c5bd30ae4b47a9ba3c856590957fd1d96dc588bf3ac05719d247e126840331f?s=96&d=mm&r=g\",\"url\":\"https:\\\/\\\/secure.gravatar.com\\\/avatar\\\/7c5bd30ae4b47a9ba3c856590957fd1d96dc588bf3ac05719d247e126840331f?s=96&d=mm&r=g\",\"contentUrl\":\"https:\\\/\\\/secure.gravatar.com\\\/avatar\\\/7c5bd30ae4b47a9ba3c856590957fd1d96dc588bf3ac05719d247e126840331f?s=96&d=mm&r=g\",\"caption\":\"libna\"}}]}<\/script>\n<!-- \/ Yoast SEO plugin. -->","yoast_head_json":{"title":"Une initiative adventiste permet \u00e0 400 jeunes de terminer un programme pour la r\u00e9duction de la criminalit\u00e9 \u00e0 Sainte-Lucie - \u00c9glise Adventiste Du Septieme Jour - Inter Am\u00e9rique Division","robots":{"index":"index","follow":"follow","max-snippet":"max-snippet:-1","max-image-preview":"max-image-preview:large","max-video-preview":"max-video-preview:-1"},"canonical":"https:\/\/interamerica.org\/fr\/2023\/05\/une-initiative-adventiste-permet-a-400-jeunes-de-terminer-un-programme-pour-la-reduction-de-la-criminalite-a-sainte-lucie\/","og_locale":"fr_FR","og_type":"article","og_title":"Une initiative adventiste permet \u00e0 400 jeunes de terminer un programme pour la r\u00e9duction de la criminalit\u00e9 \u00e0 Sainte-Lucie - \u00c9glise Adventiste Du Septieme Jour - Inter Am\u00e9rique Division","og_description":"18 Mai 2023 | Castries, Sainte-Lucie | Personnel de l\u2019Union Carib\u00e9enne et personnel de la DIA Quatre cents \u00e9l\u00e8ves de six \u00e9coles secondaires et six \u00e9tablissements p\u00e9nitentiaires de Sainte-Lucie ont...","og_url":"https:\/\/interamerica.org\/fr\/2023\/05\/une-initiative-adventiste-permet-a-400-jeunes-de-terminer-un-programme-pour-la-reduction-de-la-criminalite-a-sainte-lucie\/","og_site_name":"\u00c9glise Adventiste Du Septieme Jour - Inter Am\u00e9rique Division","article_published_time":"2023-05-18T16:59:51+00:00","article_modified_time":"2023-05-18T19:43:51+00:00","og_image":[{"width":1000,"height":625,"url":"https:\/\/interamerica.org\/wp-content\/uploads\/2023\/05\/st-lucia-crime-program2.png","type":"image\/png"}],"author":"libna","twitter_card":"summary_large_image","twitter_misc":{"\u00c9crit par":"libna","Dur\u00e9e de lecture estim\u00e9e":"5 minutes"},"schema":{"@context":"https:\/\/schema.org","@graph":[{"@type":"Article","@id":"https:\/\/interamerica.org\/fr\/2023\/05\/une-initiative-adventiste-permet-a-400-jeunes-de-terminer-un-programme-pour-la-reduction-de-la-criminalite-a-sainte-lucie\/#article","isPartOf":{"@id":"https:\/\/interamerica.org\/fr\/2023\/05\/une-initiative-adventiste-permet-a-400-jeunes-de-terminer-un-programme-pour-la-reduction-de-la-criminalite-a-sainte-lucie\/"},"author":{"name":"libna","@id":"https:\/\/interamerica.org\/fr\/#\/schema\/person\/29998f2bc2d8bd0d38662909289b54f1"},"headline":"Une initiative adventiste permet \u00e0 400 jeunes de terminer un programme pour la r\u00e9duction de la criminalit\u00e9 \u00e0 Sainte-Lucie","datePublished":"2023-05-18T16:59:51+00:00","dateModified":"2023-05-18T19:43:51+00:00","mainEntityOfPage":{"@id":"https:\/\/interamerica.org\/fr\/2023\/05\/une-initiative-adventiste-permet-a-400-jeunes-de-terminer-un-programme-pour-la-reduction-de-la-criminalite-a-sainte-lucie\/"},"wordCount":1155,"image":{"@id":"https:\/\/interamerica.org\/fr\/2023\/05\/une-initiative-adventiste-permet-a-400-jeunes-de-terminer-un-programme-pour-la-reduction-de-la-criminalite-a-sainte-lucie\/#primaryimage"},"thumbnailUrl":"https:\/\/interamerica.org\/wp-content\/uploads\/2023\/05\/st-lucia-crime-program2.png","articleSection":["Nouvelles du territoire","RSS Fran\u00e7ais"],"inLanguage":"fr-FR"},{"@type":"WebPage","@id":"https:\/\/interamerica.org\/fr\/2023\/05\/une-initiative-adventiste-permet-a-400-jeunes-de-terminer-un-programme-pour-la-reduction-de-la-criminalite-a-sainte-lucie\/","url":"https:\/\/interamerica.org\/fr\/2023\/05\/une-initiative-adventiste-permet-a-400-jeunes-de-terminer-un-programme-pour-la-reduction-de-la-criminalite-a-sainte-lucie\/","name":"Une initiative adventiste permet \u00e0 400 jeunes de terminer un programme pour la r\u00e9duction de la criminalit\u00e9 \u00e0 Sainte-Lucie - \u00c9glise Adventiste Du Septieme Jour - Inter Am\u00e9rique Division","isPartOf":{"@id":"https:\/\/interamerica.org\/fr\/#website"},"primaryImageOfPage":{"@id":"https:\/\/interamerica.org\/fr\/2023\/05\/une-initiative-adventiste-permet-a-400-jeunes-de-terminer-un-programme-pour-la-reduction-de-la-criminalite-a-sainte-lucie\/#primaryimage"},"image":{"@id":"https:\/\/interamerica.org\/fr\/2023\/05\/une-initiative-adventiste-permet-a-400-jeunes-de-terminer-un-programme-pour-la-reduction-de-la-criminalite-a-sainte-lucie\/#primaryimage"},"thumbnailUrl":"https:\/\/interamerica.org\/wp-content\/uploads\/2023\/05\/st-lucia-crime-program2.png","datePublished":"2023-05-18T16:59:51+00:00","dateModified":"2023-05-18T19:43:51+00:00","author":{"@id":"https:\/\/interamerica.org\/fr\/#\/schema\/person\/29998f2bc2d8bd0d38662909289b54f1"},"breadcrumb":{"@id":"https:\/\/interamerica.org\/fr\/2023\/05\/une-initiative-adventiste-permet-a-400-jeunes-de-terminer-un-programme-pour-la-reduction-de-la-criminalite-a-sainte-lucie\/#breadcrumb"},"inLanguage":"fr-FR","potentialAction":[{"@type":"ReadAction","target":["https:\/\/interamerica.org\/fr\/2023\/05\/une-initiative-adventiste-permet-a-400-jeunes-de-terminer-un-programme-pour-la-reduction-de-la-criminalite-a-sainte-lucie\/"]}]},{"@type":"ImageObject","inLanguage":"fr-FR","@id":"https:\/\/interamerica.org\/fr\/2023\/05\/une-initiative-adventiste-permet-a-400-jeunes-de-terminer-un-programme-pour-la-reduction-de-la-criminalite-a-sainte-lucie\/#primaryimage","url":"https:\/\/interamerica.org\/wp-content\/uploads\/2023\/05\/st-lucia-crime-program2.png","contentUrl":"https:\/\/interamerica.org\/wp-content\/uploads\/2023\/05\/st-lucia-crime-program2.png","width":1000,"height":625,"caption":"Representatives from civic organizations and government department responsible for crime intervention were present during the afternoon program to lend their support and give voice to the initiative of the St. Lucia Mission to deal with the crime situation on the island. [Photo: St. Lucia Mission]"},{"@type":"BreadcrumbList","@id":"https:\/\/interamerica.org\/fr\/2023\/05\/une-initiative-adventiste-permet-a-400-jeunes-de-terminer-un-programme-pour-la-reduction-de-la-criminalite-a-sainte-lucie\/#breadcrumb","itemListElement":[{"@type":"ListItem","position":1,"name":"Home","item":"https:\/\/interamerica.org\/fr\/"},{"@type":"ListItem","position":2,"name":"Une initiative adventiste permet \u00e0 400 jeunes de terminer un programme pour la r\u00e9duction de la criminalit\u00e9 \u00e0 Sainte-Lucie"}]},{"@type":"WebSite","@id":"https:\/\/interamerica.org\/fr\/#website","url":"https:\/\/interamerica.org\/fr\/","name":"\u00c9glise Adventiste Du Septieme Jour - Inter Am\u00e9rique Division","description":"","potentialAction":[{"@type":"SearchAction","target":{"@type":"EntryPoint","urlTemplate":"https:\/\/interamerica.org\/fr\/?s={search_term_string}"},"query-input":{"@type":"PropertyValueSpecification","valueRequired":true,"valueName":"search_term_string"}}],"inLanguage":"fr-FR"},{"@type":"Person","@id":"https:\/\/interamerica.org\/fr\/#\/schema\/person\/29998f2bc2d8bd0d38662909289b54f1","name":"libna","image":{"@type":"ImageObject","inLanguage":"fr-FR","@id":"https:\/\/secure.gravatar.com\/avatar\/7c5bd30ae4b47a9ba3c856590957fd1d96dc588bf3ac05719d247e126840331f?s=96&d=mm&r=g","url":"https:\/\/secure.gravatar.com\/avatar\/7c5bd30ae4b47a9ba3c856590957fd1d96dc588bf3ac05719d247e126840331f?s=96&d=mm&r=g","contentUrl":"https:\/\/secure.gravatar.com\/avatar\/7c5bd30ae4b47a9ba3c856590957fd1d96dc588bf3ac05719d247e126840331f?s=96&d=mm&r=g","caption":"libna"}}]}},"_links":{"self":[{"href":"https:\/\/interamerica.org\/fr\/wp-json\/wp\/v2\/posts\/99357","targetHints":{"allow":["GET"]}}],"collection":[{"href":"https:\/\/interamerica.org\/fr\/wp-json\/wp\/v2\/posts"}],"about":[{"href":"https:\/\/interamerica.org\/fr\/wp-json\/wp\/v2\/types\/post"}],"author":[{"embeddable":true,"href":"https:\/\/interamerica.org\/fr\/wp-json\/wp\/v2\/users\/3"}],"replies":[{"embeddable":true,"href":"https:\/\/interamerica.org\/fr\/wp-json\/wp\/v2\/comments?post=99357"}],"version-history":[{"count":0,"href":"https:\/\/interamerica.org\/fr\/wp-json\/wp\/v2\/posts\/99357\/revisions"}],"wp:featuredmedia":[{"embeddable":true,"href":"https:\/\/interamerica.org\/fr\/wp-json\/wp\/v2\/media\/99330"}],"wp:attachment":[{"href":"https:\/\/interamerica.org\/fr\/wp-json\/wp\/v2\/media?parent=99357"}],"wp:term":[{"taxonomy":"category","embeddable":true,"href":"https:\/\/interamerica.org\/fr\/wp-json\/wp\/v2\/categories?post=99357"},{"taxonomy":"post_tag","embeddable":true,"href":"https:\/\/interamerica.org\/fr\/wp-json\/wp\/v2\/tags?post=99357"}],"curies":[{"name":"wp","href":"https:\/\/api.w.org\/{rel}","templated":true}]}}