{"id":99570,"date":"2023-05-25T10:01:55","date_gmt":"2023-05-25T14:01:55","guid":{"rendered":"https:\/\/interamerica.org\/?p=99570"},"modified":"2023-05-25T19:58:06","modified_gmt":"2023-05-25T23:58:06","slug":"proclamer-lesperance-dans-la-ville-et-aux-confins-du-royaume","status":"publish","type":"post","link":"https:\/\/interamerica.org\/fr\/2023\/05\/proclamer-lesperance-dans-la-ville-et-aux-confins-du-royaume\/","title":{"rendered":"Proclamer l\u2019esp\u00e9rance dans la ville et aux confins du royaume"},"content":{"rendered":"<div id=\"attachment_99548\" style=\"width: 887px\" class=\"wp-caption aligncenter\"><img fetchpriority=\"high\" decoding=\"async\" aria-describedby=\"caption-attachment-99548\" class=\" wp-image-99547\" src=\"https:\/\/interamerica.org\/wp-content\/uploads\/2023\/05\/cybling-dsc-0756-scaled-1-1024x683.jpeg\" alt=\"\" width=\"877\" height=\"585\" srcset=\"https:\/\/interamerica.org\/wp-content\/uploads\/2023\/05\/cybling-dsc-0756-scaled-1-1024x683.jpeg 1024w, https:\/\/interamerica.org\/wp-content\/uploads\/2023\/05\/cybling-dsc-0756-scaled-1-300x200.jpeg 300w, https:\/\/interamerica.org\/wp-content\/uploads\/2023\/05\/cybling-dsc-0756-scaled-1-768x512.jpeg 768w, https:\/\/interamerica.org\/wp-content\/uploads\/2023\/05\/cybling-dsc-0756-scaled-1-1536x1025.jpeg 1536w, https:\/\/interamerica.org\/wp-content\/uploads\/2023\/05\/cybling-dsc-0756-scaled-1-2048x1366.jpeg 2048w\" sizes=\"(max-width: 877px) 100vw, 877px\" \/><p id=\"caption-attachment-99548\" class=\"wp-caption-text\">Anthony Kent (au centre) et Fitzroy Morris discutent avec un habitant de Brae dans les \u00eeles Shetland, au Royaume-Uni. [Photo : Marcos Paseggi, Adventist Review]<\/p><\/div>\n<h4>L\u2019\u00e9quipe I Will Go Ride est t\u00e9moin de la fa\u00e7on dont Dieu ouvre les portes pour la v\u00e9rit\u00e9 dans les \u00eeles Shetland.<\/h4>\n<p>25 Mai 2023 | \u00celes Shetland, \u00c9cosse, Royaume-Uni | Marcos Paseggi, Adventist Review<\/p>\n<p>\u00ab Qu\u2019est-ce qui se passe ici ? \u00bb demande un homme d\u2019\u00e2ge moyen.<\/p>\n<p>Il est enfoui \u00e0 l\u2019int\u00e9rieur de sa camionnette vu qu\u2019une bruine incessante l\u2019emp\u00eache, ainsi que d\u2019autres, de marcher sur la plage. L\u2019homme, qui dit venir d\u2019une ville en p\u00e9riph\u00e9rie de Manchester en Angleterre, conduit l\u2019une des nombreuses camionnettes qui sont actuellement gar\u00e9es pr\u00e8s de Norwick Beach sur l\u2019\u00eele d\u2019Unst. Unst est l\u2019\u00eele la plus septentrionale des \u00eeles Shetland et repr\u00e9sente la fronti\u00e8re nord du Royaume-Uni.<\/p>\n<p><div id=\"attachment_99554\" style=\"width: 875px\" class=\"wp-caption aligncenter\"><img decoding=\"async\" aria-describedby=\"caption-attachment-99554\" class=\" wp-image-99553\" src=\"https:\/\/interamerica.org\/wp-content\/uploads\/2023\/05\/dsc-0687-scaled-1-1024x683.jpg\" alt=\"\" width=\"865\" height=\"577\" srcset=\"https:\/\/interamerica.org\/wp-content\/uploads\/2023\/05\/dsc-0687-scaled-1-1024x683.jpg 1024w, https:\/\/interamerica.org\/wp-content\/uploads\/2023\/05\/dsc-0687-scaled-1-300x200.jpg 300w, https:\/\/interamerica.org\/wp-content\/uploads\/2023\/05\/dsc-0687-scaled-1-768x512.jpg 768w, https:\/\/interamerica.org\/wp-content\/uploads\/2023\/05\/dsc-0687-scaled-1-1536x1025.jpg 1536w, https:\/\/interamerica.org\/wp-content\/uploads\/2023\/05\/dsc-0687-scaled-1-2048x1366.jpg 2048w\" sizes=\"(max-width: 865px) 100vw, 865px\" \/><p id=\"caption-attachment-99554\" class=\"wp-caption-text\">Paul Tomkins r\u00e9fl\u00e9chit \u00e0 l\u2019exemple missionnaire de Paul et \u00e0 la fa\u00e7on dont ses efforts pourraient \u00eatre imit\u00e9s aujourd\u2019hui. [Photo : Marcos Paseggi, Adventist Review]<\/p><\/div>\u00ab Laissez-moi expliquer. \u00bb<\/p>\n<p>Comme il l\u2019a fait \u00e0 plusieurs reprises au cours de cette journ\u00e9e maussade du 17 mai, le coordinateur de l\u2019\u00e9quipe I Will Go Ride, Anthony Kent, s\u2019arr\u00eate pour r\u00e9pondre \u00e0 la question de l\u2019homme et finit par lui laisser quelques livres adventistes.<\/p>\n<p>Cet homme pourrait \u00eatre la derni\u00e8re personne contact\u00e9e ce jour-l\u00e0, qui a commenc\u00e9 plusieurs heures et quelques trajets en ferry auparavant depuis la base de l\u2019\u00e9quipe \u00e0 Bixter sur l\u2019ile de Mainland dans les Shetlands.<\/p>\n<p><strong>Un plan et un calendrier<\/strong><\/p>\n<p>T\u00f4t ce matin-l\u00e0, Paul Tomkins, pasteur \u00e0 la retraite, r\u00e9fl\u00e9chissait \u00e0 l\u2019exemple de Paul lorsqu\u2019il allait vers les autres. \u00ab Il sortait et prenait son temps pour rencontrer les gens l\u00e0 o\u00f9 ils se trouvaient et o\u00f9 ils adoraient, \u00bb a dit Paul Tomkins. En m\u00eame temps, Paul \u00ab \u00e9tait pr\u00eat \u00e0 changer son mode op\u00e9ratoire et \u00e0 pr\u00e9senter l\u2019\u00e9vangile dans les lieux publics quand il en avait l\u2019opportunit\u00e9. \u00bb<\/p>\n<p>Anthony Kent a pr\u00e9par\u00e9 un calendrier optimiste pour une route vers le nord vers les \u00eeles les plus \u00e9loign\u00e9es au nord-est des Shetlands. Ils savent que de la pluie est pr\u00e9vue pour l\u2019apr\u00e8s-midi et ils veulent profiter au maximum de chaque instant pour couvrir autant de territoire des \u00eeles que possible avant que l\u2019endroit ne soit trop d\u00e9tremp\u00e9. Leur mandat et leur priorit\u00e9 sont cependant clairs. \u00ab En fin de compte, nous ne sommes pas aux Iles Shetland simplement pour rouler, \u00bb a dit Anthony Kent. \u00ab Nous voulons rencontrer des gens et t\u00e9moigner aupr\u00e8s d\u2019eux. C\u2019est notre premier objectif. \u00bb<\/p>\n<p><div id=\"attachment_99551\" style=\"width: 865px\" class=\"wp-caption aligncenter\"><img decoding=\"async\" aria-describedby=\"caption-attachment-99551\" class=\" wp-image-99550\" src=\"https:\/\/interamerica.org\/wp-content\/uploads\/2023\/05\/dsc-0691-scaled-1-1024x683.jpg\" alt=\"\" width=\"855\" height=\"570\" srcset=\"https:\/\/interamerica.org\/wp-content\/uploads\/2023\/05\/dsc-0691-scaled-1-1024x683.jpg 1024w, https:\/\/interamerica.org\/wp-content\/uploads\/2023\/05\/dsc-0691-scaled-1-300x200.jpg 300w, https:\/\/interamerica.org\/wp-content\/uploads\/2023\/05\/dsc-0691-scaled-1-768x512.jpg 768w, https:\/\/interamerica.org\/wp-content\/uploads\/2023\/05\/dsc-0691-scaled-1-1536x1025.jpg 1536w, https:\/\/interamerica.org\/wp-content\/uploads\/2023\/05\/dsc-0691-scaled-1-2048x1366.jpg 2048w\" sizes=\"(max-width: 855px) 100vw, 855px\" \/><p id=\"caption-attachment-99551\" class=\"wp-caption-text\">Un agneau curieux regarde l\u2019\u00e9quipe I Will Go Ride commencer une autre journ\u00e9e de travers\u00e9e \u00e0 v\u00e9lo. [Photo : Marcos Paseggi, Adventist Review]<\/p><\/div>Leur d\u00e9sir devient r\u00e9alit\u00e9 lorsque quelques minutes apr\u00e8s le d\u00e9but du trajet du matin, ils s\u2019arr\u00eatent, \u00e0 maintes reprises, pour parler \u00e0 des gens de tous horizons. Un homme qui attend dans sa voiture gar\u00e9e ; un ouvrier r\u00e9parant une cl\u00f4ture \u00e0 moutons; une jeune femme qui passe; et m\u00eame un fossoyeur nig\u00e9rian. Ce groupe de cyclistes en tenue bleu clair assortie semble piquer leur curiosit\u00e9. Tous se retrouvent avec des d\u00e9pliants ou un livre.<\/p>\n<p><strong>Aller au-del\u00e0<\/strong><\/p>\n<p>La premi\u00e8re travers\u00e9e en ferry am\u00e8ne l\u2019\u00e9quipe sur l\u2019\u00eele de Yell (population, 966 habitants), et peu de temps apr\u00e8s, la bruine commence \u00e0 tomber. Apr\u00e8s avoir parcouru Yell du sud-ouest au nord-est, un autre ferry les emm\u00e8ne \u00e0 Unst (population : 632 habitants). Les travers\u00e9es en ferry repr\u00e9sentent \u00e9galement une opportunit\u00e9 pour Anthony Kent, qui \u00e9tablit le contact et discute avec certains des chauffeurs qui attendent dans leurs v\u00e9hicules.<\/p>\n<p>\u00c0 ce moment-l\u00e0, le crachin est \u00e0 peine visible, mais incessant. Apr\u00e8s qu\u2019Anthony Kent et le directeur adjoint du minist\u00e8re de la sant\u00e9 de la Conf\u00e9rence G\u00e9n\u00e9rale, Torben Bergland, aient roul\u00e9 vers le nord-est en traversant Unst, ils atteignent Norwick Beach. Quelques minutes auparavant, les cyclistes et leurs v\u00e9hicules de soutien s\u2019arr\u00eatent \u00e0 l\u2019\u00e9glise M\u00e9thodiste de Haroldswick, un petit sanctuaire pr\u00e9sent\u00e9 comme \u00e9tant l\u2019\u00e9glise la plus au nord de la Grande-Bretagne.<\/p>\n<p>\u00ab Qui sait, \u00bb commente un cycliste tremp\u00e9 et frigorifi\u00e9 alors qu\u2019ils rangent tous leurs v\u00e9los pour le trajet retour, \u00ab si un futur membre d\u2019\u00e9glise ne pourra pas retracer son premier contact \u00e0 cet apr\u00e8s-midi-l\u00e0. \u00bb<\/p>\n<p>Cette notion est peut-\u00eatre ce qui les a fait rouler malgr\u00e9 le froid et la pluie.<\/p>\n<p><div id=\"attachment_99558\" style=\"width: 842px\" class=\"wp-caption aligncenter\"><img loading=\"lazy\" decoding=\"async\" aria-describedby=\"caption-attachment-99558\" class=\" wp-image-99557\" src=\"https:\/\/interamerica.org\/wp-content\/uploads\/2023\/05\/dsc-0721-scaled-1-1024x683.jpg\" alt=\"\" width=\"832\" height=\"555\" srcset=\"https:\/\/interamerica.org\/wp-content\/uploads\/2023\/05\/dsc-0721-scaled-1-1024x683.jpg 1024w, https:\/\/interamerica.org\/wp-content\/uploads\/2023\/05\/dsc-0721-scaled-1-300x200.jpg 300w, https:\/\/interamerica.org\/wp-content\/uploads\/2023\/05\/dsc-0721-scaled-1-768x512.jpg 768w, https:\/\/interamerica.org\/wp-content\/uploads\/2023\/05\/dsc-0721-scaled-1-1536x1025.jpg 1536w, https:\/\/interamerica.org\/wp-content\/uploads\/2023\/05\/dsc-0721-scaled-1-2048x1366.jpg 2048w\" sizes=\"(max-width: 832px) 100vw, 832px\" \/><p id=\"caption-attachment-99558\" class=\"wp-caption-text\">Un bon pourcentage des routes des \u00eeles Shetland sont des routes \u00e0 une voie avec occasionnellement des endroits pour d\u00e9passer. [Photo : Marcos Paseggi, Adventist Review]<\/p><\/div><strong>Aller \u00e0 l&rsquo;int\u00e9rieur<\/strong><\/p>\n<p>Le 18 mai, une autre journ\u00e9e froide et nuageuse, c\u2019est l\u2019occasion pour eux de laisser leurs v\u00e9los de c\u00f4t\u00e9 pendant un moment pour marcher jusqu\u2019au centre-ville de Lerwick. La capitale (7500 habitants) est en pleine effervescence, car les premi\u00e8res croisi\u00e8res de la saison ont commenc\u00e9 \u00e0 arriver au port.<\/p>\n<p>Les membres de l\u2019\u00e9quipe cycliste vont chacun dans leur direction dans les rues entourant le Centre Communautaire d\u2019Islesburgh, le site choisi pour les rencontres du weekend. Encore une fois, ils parlent aux passants, distribuent des tracts et occasionnellement un livre.<\/p>\n<p>Alors que les membres de l\u2019\u00e9quipe semblent pr\u00eats \u00e0 faire une pause, le pasteur d\u2019Inverness, Wilfred Masih, a une id\u00e9e. \u00ab Et si nous appelions la radio, \u00bb sugg\u00e8re-t-il. \u00ab Qu\u2019avons-nous \u00e0 perdre ? \u00bb<\/p>\n<p>Pasteur Masih est surpris lorsque la personne \u00e0 l\u2019autre bout du fil \u00e0 la BBC Shetland 92.7 FM leur dit de venir \u00e0 la station pour \u00eatre interview\u00e9s. Pasteur Masih, Anthony Kent et le pr\u00e9sident de la Mission \u00c9cossaise, Jimmy Botha, se rendent \u00e0 la station. Une fois de plus, ils expliquent ce qu\u2019ils font aux Iles Shetland et pourquoi.<\/p>\n<p><div id=\"attachment_99561\" style=\"width: 847px\" class=\"wp-caption aligncenter\"><img loading=\"lazy\" decoding=\"async\" aria-describedby=\"caption-attachment-99561\" class=\" wp-image-99560\" src=\"https:\/\/interamerica.org\/wp-content\/uploads\/2023\/05\/dsc-0746-scaled-1-1024x683.jpg\" alt=\"\" width=\"837\" height=\"558\" srcset=\"https:\/\/interamerica.org\/wp-content\/uploads\/2023\/05\/dsc-0746-scaled-1-1024x683.jpg 1024w, https:\/\/interamerica.org\/wp-content\/uploads\/2023\/05\/dsc-0746-scaled-1-300x200.jpg 300w, https:\/\/interamerica.org\/wp-content\/uploads\/2023\/05\/dsc-0746-scaled-1-768x512.jpg 768w, https:\/\/interamerica.org\/wp-content\/uploads\/2023\/05\/dsc-0746-scaled-1-1536x1025.jpg 1536w, https:\/\/interamerica.org\/wp-content\/uploads\/2023\/05\/dsc-0746-scaled-1-2048x1366.jpg 2048w\" sizes=\"(max-width: 837px) 100vw, 837px\" \/><p id=\"caption-attachment-99561\" class=\"wp-caption-text\">Fitzroy Morris distribue des publications adventistes \u00e0 une jeune femme lors du parcours du 17 mai. [Photo : Marcos Paseggi, Adventist Review]<\/p><\/div>Ensuite, deux journaux ont repris l\u2019histoire et ont \u00e9crit sur le sujet. L\u2019un d\u2019eux, The Shetland Times, a pr\u00e9sent\u00e9 les cyclistes comme \u00ab un groupe de pasteurs de Norv\u00e8ge et de diff\u00e9rentes parties de l\u2019Ecosse \u00bb qui \u00ab ont des conversations avec les habitants, et leur parlent d\u2019esp\u00e9rance. \u00bb<\/p>\n<p>L\u2019interview \u00e0 la radio et le reportage dans la presse \u00e9crite n\u2019\u00e9taient pas dans les plans originaux de l\u2019\u00e9quipe I Will Go Ride. Mais une fois encore, Dieu a ouvert des portes qu\u2019ils n\u2019avaient pas envisag\u00e9es.<\/p>\n<p>\u00ab Mon c\u0153ur d\u00e9borde en ce moment \u00e0 cause de tout ce que je vis, \u00bb \u00e9crit Jimmy Botha dans un message \u00e0 l\u2019\u00e9quipe. \u00ab \u00c7a fait chaud au c\u0153ur. \u00bb<\/p>\n<p>Traduction: Patrick Luciathe<\/p>\n","protected":false},"excerpt":{"rendered":"<p>L\u2019\u00e9quipe I Will Go Ride est t\u00e9moin de la fa\u00e7on dont Dieu ouvre les portes pour la v\u00e9rit\u00e9 dans les \u00eeles Shetland. 25 Mai 2023 | \u00celes Shetland, \u00c9cosse, Royaume-Uni&#8230;<\/p>\n","protected":false},"author":3,"featured_media":99548,"comment_status":"closed","ping_status":"closed","sticky":false,"template":"","format":"standard","meta":{"_acf_changed":false,"footnotes":""},"categories":[18,19],"tags":[],"class_list":["post-99570","post","type-post","status-publish","format-standard","has-post-thumbnail","hentry","category-nouvelles-de-leglise-mondiale","category-rss-francais"],"acf":[],"yoast_head":"<!-- This site is optimized with the Yoast SEO plugin v27.3 - https:\/\/yoast.com\/product\/yoast-seo-wordpress\/ -->\n<title>Proclamer l\u2019esp\u00e9rance dans la ville et aux confins du royaume - \u00c9glise Adventiste Du Septieme Jour - Inter Am\u00e9rique Division<\/title>\n<meta name=\"robots\" content=\"index, follow, max-snippet:-1, max-image-preview:large, max-video-preview:-1\" \/>\n<link rel=\"canonical\" href=\"https:\/\/interamerica.org\/fr\/2023\/05\/proclamer-lesperance-dans-la-ville-et-aux-confins-du-royaume\/\" \/>\n<meta property=\"og:locale\" content=\"fr_FR\" \/>\n<meta property=\"og:type\" content=\"article\" \/>\n<meta property=\"og:title\" content=\"Proclamer l\u2019esp\u00e9rance dans la ville et aux confins du royaume - \u00c9glise Adventiste Du Septieme Jour - Inter Am\u00e9rique Division\" \/>\n<meta property=\"og:description\" content=\"L\u2019\u00e9quipe I Will Go Ride est t\u00e9moin de la fa\u00e7on dont Dieu ouvre les portes pour la v\u00e9rit\u00e9 dans les \u00eeles Shetland. 25 Mai 2023 | \u00celes Shetland, \u00c9cosse, Royaume-Uni...\" \/>\n<meta property=\"og:url\" content=\"https:\/\/interamerica.org\/fr\/2023\/05\/proclamer-lesperance-dans-la-ville-et-aux-confins-du-royaume\/\" \/>\n<meta property=\"og:site_name\" content=\"\u00c9glise Adventiste Du Septieme Jour - Inter Am\u00e9rique Division\" \/>\n<meta property=\"article:published_time\" content=\"2023-05-25T14:01:55+00:00\" \/>\n<meta property=\"article:modified_time\" content=\"2023-05-25T23:58:06+00:00\" \/>\n<meta property=\"og:image\" content=\"https:\/\/interamerica.org\/wp-content\/uploads\/2023\/05\/cybling-dsc-0756-scaled-1.jpeg\" \/>\n\t<meta property=\"og:image:width\" content=\"2560\" \/>\n\t<meta property=\"og:image:height\" content=\"1708\" \/>\n\t<meta property=\"og:image:type\" content=\"image\/jpeg\" \/>\n<meta name=\"author\" content=\"libna\" \/>\n<meta name=\"twitter:card\" content=\"summary_large_image\" \/>\n<meta name=\"twitter:label1\" content=\"\u00c9crit par\" \/>\n\t<meta name=\"twitter:data1\" content=\"libna\" \/>\n\t<meta name=\"twitter:label2\" content=\"Dur\u00e9e de lecture estim\u00e9e\" \/>\n\t<meta name=\"twitter:data2\" content=\"6 minutes\" \/>\n<script type=\"application\/ld+json\" class=\"yoast-schema-graph\">{\"@context\":\"https:\\\/\\\/schema.org\",\"@graph\":[{\"@type\":\"Article\",\"@id\":\"https:\\\/\\\/interamerica.org\\\/fr\\\/2023\\\/05\\\/proclamer-lesperance-dans-la-ville-et-aux-confins-du-royaume\\\/#article\",\"isPartOf\":{\"@id\":\"https:\\\/\\\/interamerica.org\\\/fr\\\/2023\\\/05\\\/proclamer-lesperance-dans-la-ville-et-aux-confins-du-royaume\\\/\"},\"author\":{\"name\":\"libna\",\"@id\":\"https:\\\/\\\/interamerica.org\\\/fr\\\/#\\\/schema\\\/person\\\/29998f2bc2d8bd0d38662909289b54f1\"},\"headline\":\"Proclamer l\u2019esp\u00e9rance dans la ville et aux confins du royaume\",\"datePublished\":\"2023-05-25T14:01:55+00:00\",\"dateModified\":\"2023-05-25T23:58:06+00:00\",\"mainEntityOfPage\":{\"@id\":\"https:\\\/\\\/interamerica.org\\\/fr\\\/2023\\\/05\\\/proclamer-lesperance-dans-la-ville-et-aux-confins-du-royaume\\\/\"},\"wordCount\":1183,\"image\":{\"@id\":\"https:\\\/\\\/interamerica.org\\\/fr\\\/2023\\\/05\\\/proclamer-lesperance-dans-la-ville-et-aux-confins-du-royaume\\\/#primaryimage\"},\"thumbnailUrl\":\"https:\\\/\\\/interamerica.org\\\/wp-content\\\/uploads\\\/2023\\\/05\\\/cybling-dsc-0756-scaled-1.jpeg\",\"articleSection\":[\"Nouvelles de l'\u00c9glise mondiale\",\"RSS Fran\u00e7ais\"],\"inLanguage\":\"fr-FR\"},{\"@type\":\"WebPage\",\"@id\":\"https:\\\/\\\/interamerica.org\\\/fr\\\/2023\\\/05\\\/proclamer-lesperance-dans-la-ville-et-aux-confins-du-royaume\\\/\",\"url\":\"https:\\\/\\\/interamerica.org\\\/fr\\\/2023\\\/05\\\/proclamer-lesperance-dans-la-ville-et-aux-confins-du-royaume\\\/\",\"name\":\"Proclamer l\u2019esp\u00e9rance dans la ville et aux confins du royaume - \u00c9glise Adventiste Du Septieme Jour - Inter Am\u00e9rique Division\",\"isPartOf\":{\"@id\":\"https:\\\/\\\/interamerica.org\\\/fr\\\/#website\"},\"primaryImageOfPage\":{\"@id\":\"https:\\\/\\\/interamerica.org\\\/fr\\\/2023\\\/05\\\/proclamer-lesperance-dans-la-ville-et-aux-confins-du-royaume\\\/#primaryimage\"},\"image\":{\"@id\":\"https:\\\/\\\/interamerica.org\\\/fr\\\/2023\\\/05\\\/proclamer-lesperance-dans-la-ville-et-aux-confins-du-royaume\\\/#primaryimage\"},\"thumbnailUrl\":\"https:\\\/\\\/interamerica.org\\\/wp-content\\\/uploads\\\/2023\\\/05\\\/cybling-dsc-0756-scaled-1.jpeg\",\"datePublished\":\"2023-05-25T14:01:55+00:00\",\"dateModified\":\"2023-05-25T23:58:06+00:00\",\"author\":{\"@id\":\"https:\\\/\\\/interamerica.org\\\/fr\\\/#\\\/schema\\\/person\\\/29998f2bc2d8bd0d38662909289b54f1\"},\"breadcrumb\":{\"@id\":\"https:\\\/\\\/interamerica.org\\\/fr\\\/2023\\\/05\\\/proclamer-lesperance-dans-la-ville-et-aux-confins-du-royaume\\\/#breadcrumb\"},\"inLanguage\":\"fr-FR\",\"potentialAction\":[{\"@type\":\"ReadAction\",\"target\":[\"https:\\\/\\\/interamerica.org\\\/fr\\\/2023\\\/05\\\/proclamer-lesperance-dans-la-ville-et-aux-confins-du-royaume\\\/\"]}]},{\"@type\":\"ImageObject\",\"inLanguage\":\"fr-FR\",\"@id\":\"https:\\\/\\\/interamerica.org\\\/fr\\\/2023\\\/05\\\/proclamer-lesperance-dans-la-ville-et-aux-confins-du-royaume\\\/#primaryimage\",\"url\":\"https:\\\/\\\/interamerica.org\\\/wp-content\\\/uploads\\\/2023\\\/05\\\/cybling-dsc-0756-scaled-1.jpeg\",\"contentUrl\":\"https:\\\/\\\/interamerica.org\\\/wp-content\\\/uploads\\\/2023\\\/05\\\/cybling-dsc-0756-scaled-1.jpeg\",\"width\":2560,\"height\":1708,\"caption\":\"Anthony Kent (center) and Fitzroy Morris chat with a resident of Brae in the Shetland Islands, United Kingdom. [Photo: Marcos Paseggi, Adventist Review]\"},{\"@type\":\"BreadcrumbList\",\"@id\":\"https:\\\/\\\/interamerica.org\\\/fr\\\/2023\\\/05\\\/proclamer-lesperance-dans-la-ville-et-aux-confins-du-royaume\\\/#breadcrumb\",\"itemListElement\":[{\"@type\":\"ListItem\",\"position\":1,\"name\":\"Home\",\"item\":\"https:\\\/\\\/interamerica.org\\\/fr\\\/\"},{\"@type\":\"ListItem\",\"position\":2,\"name\":\"Proclamer l\u2019esp\u00e9rance dans la ville et aux confins du royaume\"}]},{\"@type\":\"WebSite\",\"@id\":\"https:\\\/\\\/interamerica.org\\\/fr\\\/#website\",\"url\":\"https:\\\/\\\/interamerica.org\\\/fr\\\/\",\"name\":\"\u00c9glise Adventiste Du Septieme Jour - Inter Am\u00e9rique Division\",\"description\":\"\",\"potentialAction\":[{\"@type\":\"SearchAction\",\"target\":{\"@type\":\"EntryPoint\",\"urlTemplate\":\"https:\\\/\\\/interamerica.org\\\/fr\\\/?s={search_term_string}\"},\"query-input\":{\"@type\":\"PropertyValueSpecification\",\"valueRequired\":true,\"valueName\":\"search_term_string\"}}],\"inLanguage\":\"fr-FR\"},{\"@type\":\"Person\",\"@id\":\"https:\\\/\\\/interamerica.org\\\/fr\\\/#\\\/schema\\\/person\\\/29998f2bc2d8bd0d38662909289b54f1\",\"name\":\"libna\",\"image\":{\"@type\":\"ImageObject\",\"inLanguage\":\"fr-FR\",\"@id\":\"https:\\\/\\\/secure.gravatar.com\\\/avatar\\\/7c5bd30ae4b47a9ba3c856590957fd1d96dc588bf3ac05719d247e126840331f?s=96&d=mm&r=g\",\"url\":\"https:\\\/\\\/secure.gravatar.com\\\/avatar\\\/7c5bd30ae4b47a9ba3c856590957fd1d96dc588bf3ac05719d247e126840331f?s=96&d=mm&r=g\",\"contentUrl\":\"https:\\\/\\\/secure.gravatar.com\\\/avatar\\\/7c5bd30ae4b47a9ba3c856590957fd1d96dc588bf3ac05719d247e126840331f?s=96&d=mm&r=g\",\"caption\":\"libna\"}}]}<\/script>\n<!-- \/ Yoast SEO plugin. -->","yoast_head_json":{"title":"Proclamer l\u2019esp\u00e9rance dans la ville et aux confins du royaume - \u00c9glise Adventiste Du Septieme Jour - Inter Am\u00e9rique Division","robots":{"index":"index","follow":"follow","max-snippet":"max-snippet:-1","max-image-preview":"max-image-preview:large","max-video-preview":"max-video-preview:-1"},"canonical":"https:\/\/interamerica.org\/fr\/2023\/05\/proclamer-lesperance-dans-la-ville-et-aux-confins-du-royaume\/","og_locale":"fr_FR","og_type":"article","og_title":"Proclamer l\u2019esp\u00e9rance dans la ville et aux confins du royaume - \u00c9glise Adventiste Du Septieme Jour - Inter Am\u00e9rique Division","og_description":"L\u2019\u00e9quipe I Will Go Ride est t\u00e9moin de la fa\u00e7on dont Dieu ouvre les portes pour la v\u00e9rit\u00e9 dans les \u00eeles Shetland. 25 Mai 2023 | \u00celes Shetland, \u00c9cosse, Royaume-Uni...","og_url":"https:\/\/interamerica.org\/fr\/2023\/05\/proclamer-lesperance-dans-la-ville-et-aux-confins-du-royaume\/","og_site_name":"\u00c9glise Adventiste Du Septieme Jour - Inter Am\u00e9rique Division","article_published_time":"2023-05-25T14:01:55+00:00","article_modified_time":"2023-05-25T23:58:06+00:00","og_image":[{"width":2560,"height":1708,"url":"https:\/\/interamerica.org\/wp-content\/uploads\/2023\/05\/cybling-dsc-0756-scaled-1.jpeg","type":"image\/jpeg"}],"author":"libna","twitter_card":"summary_large_image","twitter_misc":{"\u00c9crit par":"libna","Dur\u00e9e de lecture estim\u00e9e":"6 minutes"},"schema":{"@context":"https:\/\/schema.org","@graph":[{"@type":"Article","@id":"https:\/\/interamerica.org\/fr\/2023\/05\/proclamer-lesperance-dans-la-ville-et-aux-confins-du-royaume\/#article","isPartOf":{"@id":"https:\/\/interamerica.org\/fr\/2023\/05\/proclamer-lesperance-dans-la-ville-et-aux-confins-du-royaume\/"},"author":{"name":"libna","@id":"https:\/\/interamerica.org\/fr\/#\/schema\/person\/29998f2bc2d8bd0d38662909289b54f1"},"headline":"Proclamer l\u2019esp\u00e9rance dans la ville et aux confins du royaume","datePublished":"2023-05-25T14:01:55+00:00","dateModified":"2023-05-25T23:58:06+00:00","mainEntityOfPage":{"@id":"https:\/\/interamerica.org\/fr\/2023\/05\/proclamer-lesperance-dans-la-ville-et-aux-confins-du-royaume\/"},"wordCount":1183,"image":{"@id":"https:\/\/interamerica.org\/fr\/2023\/05\/proclamer-lesperance-dans-la-ville-et-aux-confins-du-royaume\/#primaryimage"},"thumbnailUrl":"https:\/\/interamerica.org\/wp-content\/uploads\/2023\/05\/cybling-dsc-0756-scaled-1.jpeg","articleSection":["Nouvelles de l'\u00c9glise mondiale","RSS Fran\u00e7ais"],"inLanguage":"fr-FR"},{"@type":"WebPage","@id":"https:\/\/interamerica.org\/fr\/2023\/05\/proclamer-lesperance-dans-la-ville-et-aux-confins-du-royaume\/","url":"https:\/\/interamerica.org\/fr\/2023\/05\/proclamer-lesperance-dans-la-ville-et-aux-confins-du-royaume\/","name":"Proclamer l\u2019esp\u00e9rance dans la ville et aux confins du royaume - \u00c9glise Adventiste Du Septieme Jour - Inter Am\u00e9rique Division","isPartOf":{"@id":"https:\/\/interamerica.org\/fr\/#website"},"primaryImageOfPage":{"@id":"https:\/\/interamerica.org\/fr\/2023\/05\/proclamer-lesperance-dans-la-ville-et-aux-confins-du-royaume\/#primaryimage"},"image":{"@id":"https:\/\/interamerica.org\/fr\/2023\/05\/proclamer-lesperance-dans-la-ville-et-aux-confins-du-royaume\/#primaryimage"},"thumbnailUrl":"https:\/\/interamerica.org\/wp-content\/uploads\/2023\/05\/cybling-dsc-0756-scaled-1.jpeg","datePublished":"2023-05-25T14:01:55+00:00","dateModified":"2023-05-25T23:58:06+00:00","author":{"@id":"https:\/\/interamerica.org\/fr\/#\/schema\/person\/29998f2bc2d8bd0d38662909289b54f1"},"breadcrumb":{"@id":"https:\/\/interamerica.org\/fr\/2023\/05\/proclamer-lesperance-dans-la-ville-et-aux-confins-du-royaume\/#breadcrumb"},"inLanguage":"fr-FR","potentialAction":[{"@type":"ReadAction","target":["https:\/\/interamerica.org\/fr\/2023\/05\/proclamer-lesperance-dans-la-ville-et-aux-confins-du-royaume\/"]}]},{"@type":"ImageObject","inLanguage":"fr-FR","@id":"https:\/\/interamerica.org\/fr\/2023\/05\/proclamer-lesperance-dans-la-ville-et-aux-confins-du-royaume\/#primaryimage","url":"https:\/\/interamerica.org\/wp-content\/uploads\/2023\/05\/cybling-dsc-0756-scaled-1.jpeg","contentUrl":"https:\/\/interamerica.org\/wp-content\/uploads\/2023\/05\/cybling-dsc-0756-scaled-1.jpeg","width":2560,"height":1708,"caption":"Anthony Kent (center) and Fitzroy Morris chat with a resident of Brae in the Shetland Islands, United Kingdom. [Photo: Marcos Paseggi, Adventist Review]"},{"@type":"BreadcrumbList","@id":"https:\/\/interamerica.org\/fr\/2023\/05\/proclamer-lesperance-dans-la-ville-et-aux-confins-du-royaume\/#breadcrumb","itemListElement":[{"@type":"ListItem","position":1,"name":"Home","item":"https:\/\/interamerica.org\/fr\/"},{"@type":"ListItem","position":2,"name":"Proclamer l\u2019esp\u00e9rance dans la ville et aux confins du royaume"}]},{"@type":"WebSite","@id":"https:\/\/interamerica.org\/fr\/#website","url":"https:\/\/interamerica.org\/fr\/","name":"\u00c9glise Adventiste Du Septieme Jour - Inter Am\u00e9rique Division","description":"","potentialAction":[{"@type":"SearchAction","target":{"@type":"EntryPoint","urlTemplate":"https:\/\/interamerica.org\/fr\/?s={search_term_string}"},"query-input":{"@type":"PropertyValueSpecification","valueRequired":true,"valueName":"search_term_string"}}],"inLanguage":"fr-FR"},{"@type":"Person","@id":"https:\/\/interamerica.org\/fr\/#\/schema\/person\/29998f2bc2d8bd0d38662909289b54f1","name":"libna","image":{"@type":"ImageObject","inLanguage":"fr-FR","@id":"https:\/\/secure.gravatar.com\/avatar\/7c5bd30ae4b47a9ba3c856590957fd1d96dc588bf3ac05719d247e126840331f?s=96&d=mm&r=g","url":"https:\/\/secure.gravatar.com\/avatar\/7c5bd30ae4b47a9ba3c856590957fd1d96dc588bf3ac05719d247e126840331f?s=96&d=mm&r=g","contentUrl":"https:\/\/secure.gravatar.com\/avatar\/7c5bd30ae4b47a9ba3c856590957fd1d96dc588bf3ac05719d247e126840331f?s=96&d=mm&r=g","caption":"libna"}}]}},"_links":{"self":[{"href":"https:\/\/interamerica.org\/fr\/wp-json\/wp\/v2\/posts\/99570","targetHints":{"allow":["GET"]}}],"collection":[{"href":"https:\/\/interamerica.org\/fr\/wp-json\/wp\/v2\/posts"}],"about":[{"href":"https:\/\/interamerica.org\/fr\/wp-json\/wp\/v2\/types\/post"}],"author":[{"embeddable":true,"href":"https:\/\/interamerica.org\/fr\/wp-json\/wp\/v2\/users\/3"}],"replies":[{"embeddable":true,"href":"https:\/\/interamerica.org\/fr\/wp-json\/wp\/v2\/comments?post=99570"}],"version-history":[{"count":0,"href":"https:\/\/interamerica.org\/fr\/wp-json\/wp\/v2\/posts\/99570\/revisions"}],"wp:featuredmedia":[{"embeddable":true,"href":"https:\/\/interamerica.org\/fr\/wp-json\/wp\/v2\/media\/99548"}],"wp:attachment":[{"href":"https:\/\/interamerica.org\/fr\/wp-json\/wp\/v2\/media?parent=99570"}],"wp:term":[{"taxonomy":"category","embeddable":true,"href":"https:\/\/interamerica.org\/fr\/wp-json\/wp\/v2\/categories?post=99570"},{"taxonomy":"post_tag","embeddable":true,"href":"https:\/\/interamerica.org\/fr\/wp-json\/wp\/v2\/tags?post=99570"}],"curies":[{"name":"wp","href":"https:\/\/api.w.org\/{rel}","templated":true}]}}